{"id":8822,"date":"2018-07-15T20:02:59","date_gmt":"2018-07-15T17:02:59","guid":{"rendered":"http:\/\/piiapajunen.fitfashion.fi\/?p=8822"},"modified":"2018-07-15T20:02:59","modified_gmt":"2018-07-15T17:02:59","slug":"48-faktaa-minusta","status":"publish","type":"post","link":"https:\/\/blogit.terve.fi\/piiapajunen\/48-faktaa-minusta\/","title":{"rendered":"3 x 16 ASIAA = 48 FAKTAA MINUSTA!"},"content":{"rendered":"<p><img decoding=\"async\" loading=\"lazy\" class=\"aligncenter wp-image-10492 size-large\" src=\"https:\/\/blogit-cdn.a-lehdet.fi\/uploads\/sites\/108\/2018\/07\/Adidas-Mekko-857x1024.jpg\" alt=\"\" width=\"857\" height=\"1024\" \/><br \/>\nKikkelis kokkelis! T\u00e4h\u00e4n suorastaan h\u00e4vytt\u00f6m\u00e4n kuumottelevan sunnuntain p\u00e4\u00e4tteeksi pistet\u00e4\u00e4n kehiin v\u00e4h\u00e4n keve\u00e4mp\u00e4\u00e4 setti\u00e4, koska aivotkin sulaa n\u00e4ill\u00e4 l\u00e4mp\u00f6asteilla. Turha t\u00e4ss\u00e4 on liikaa p\u00e4\u00e4t\u00e4\u00e4n kovinkaan kinkkisill\u00e4 vaivata, joten tarkolla olisi 3 asiaa 16 eri osa-alueesta, ja nuin vaan n\u00e4pp\u00e4r\u00e4sti p\u00e4\u00e4ss\u00e4 laskettuna se tekee yhteens\u00e4 48 faktaa meitsist\u00e4. T\u00e4ss\u00e4 sit\u00e4 taas menn\u00e4\u00e4n!<\/p>\n<h1 style=\"text-align: center\">48 FAKTAA MINUSTA<\/h1>\n<p><strong>3 asiaa, joista pid\u00e4n\u2026<\/strong><\/p>\n<ul>\n<li>Mustasta huumorista.<\/li>\n<li>Sel\u00e4n rapsuttelusta.<\/li>\n<li>Kalenterimerkint\u00f6jen luomisesta pastellin v\u00e4risill\u00e4 Stabiloilla. El\u00e4m\u00e4 ilman Stabiloita on teeskentely\u00e4.<\/li>\n<\/ul>\n<p><strong>3 asiaa, joista en pid\u00e4\u2026<\/strong><\/p>\n<ul>\n<li>Hiusten kastumisesta uidessa<\/li>\n<li>Kiireest\u00e4 ja &#8221;juosten kusemisesta&#8221;<\/li>\n<li>V\u00e4lj\u00e4htyneest\u00e4 limsasta. Hyi.<\/li>\n<\/ul>\n<p><strong>3 asiaa, joita tein viikonloppuna\u2026<\/strong><\/p>\n<ul>\n<li>K\u00e4vin asuntomessuilla<\/li>\n<li>S\u00f6in aivan j\u00e4rjett\u00f6m\u00e4n kasan kakkua<\/li>\n<li>Hankin aivan j\u00e4rkytt\u00e4v\u00e4n rumat rajat urkkatopeista hartioihini. Hups.<\/li>\n<\/ul>\n<p><strong>3 asiaa, jotka osaan\u2026<\/strong><\/p>\n<ul>\n<li>Tekor\u00f6yht\u00e4ist\u00e4. Uh. Naisellista.<\/li>\n<li>Lakata kynnet kauniisti<\/li>\n<li>Neuloa lapaset<\/li>\n<\/ul>\n<p><figure id=\"attachment_10493\" aria-describedby=\"caption-attachment-10493\" style=\"width: 768px\" class=\"wp-caption aligncenter\"><img decoding=\"async\" loading=\"lazy\" class=\"wp-image-10493 size-large\" src=\"https:\/\/blogit-cdn.a-lehdet.fi\/uploads\/sites\/108\/2018\/07\/Adidas-Mekko-4-768x1024.jpg\" alt=\"\" width=\"768\" height=\"1024\" \/><figcaption id=\"caption-attachment-10493\" class=\"wp-caption-text\"><span style=\"color: #333333\">N\u00e4m\u00e4 kestolakkaukset eiv\u00e4t ole toki omaa k\u00e4sialaa, vaan Kauneushoitola Beautiful Youn Johannan taikomat.<\/span><\/figcaption><\/figure><br \/>\n<strong>3 asiaa, joita en osaa\u2026<\/strong><\/p>\n<ul>\n<li>L\u00e4hte\u00e4 liikkeelle ajoissa kotoa.<\/li>\n<li>Pit\u00e4\u00e4 avaimia tallessa kotosalla.<\/li>\n<li>Pedata s\u00e4nky\u00e4 <em>(miehen mukaan)<\/em><\/li>\n<\/ul>\n<p><strong>3 asiaa, jotka haluaisin osata\u2026<\/strong><\/p>\n<ul>\n<li>Puhua ven\u00e4j\u00e4\u00e4 tai espanjaa<\/li>\n<li>Koodata<\/li>\n<li>Heitt\u00e4\u00e4 kierrevoltin permannolla<\/li>\n<\/ul>\n<p><strong>3 asiaa, jotka minun pit\u00e4isi tehd\u00e4\u2026<\/strong><\/p>\n<ul>\n<li>Etsi\u00e4 itselleni kirjanpit\u00e4j\u00e4<\/li>\n<li>Konmarittaa koko hemmetin k\u00e4mpp\u00e4! Ja ihan ekana mun vaatekaapit.<\/li>\n<li>Hankkia uusi kalenteri. PS. Suosituksia kalentereista, jonka sivuista tussit eiv\u00e4t mene l\u00e4pi?!<\/li>\n<\/ul>\n<p><strong>3 asiaa, joista stressaan\u2026<\/strong><\/p>\n<ul>\n<li>Tekem\u00e4tt\u00f6m\u00e4t duunit.<\/li>\n<li>Tekem\u00e4tt\u00f6m\u00e4t asiat, jotka ovat muiden vastuulla, mutta viel\u00e4 tekem\u00e4tt\u00e4.<\/li>\n<li>Vastaaminen viesteihin kaikissa mahdollissa tuuteissa. Huhheijaa!<\/li>\n<\/ul>\n<p><strong>3 asiaa, jotka saavat minut rentoutumaan\u2026<\/strong><\/p>\n<ul>\n<li>Kahvi<\/li>\n<li>Huutonauru<\/li>\n<li>Ukkonen ja kova vesisade. Ja oikeastaan vesi elementtin\u00e4 muutenkin.<\/li>\n<\/ul>\n<p><strong>3 asiaa, joista puhun usein\u2026<\/strong><\/p>\n<ul>\n<li>Ruoka<\/li>\n<li>P\u00f6p\u00f6<\/li>\n<li>El\u00e4m\u00e4 n\u00e4in yleens\u00e4<\/li>\n<\/ul>\n<p><strong>3 asiaa, jotka puen mielell\u00e4ni p\u00e4\u00e4lle\u2026<\/strong><\/p>\n<ul>\n<li>Y\u00f6kk\u00e4rit! &lt;3<\/li>\n<li>Rennot trikoot<\/li>\n<li>L\u00f6ys\u00e4 crop-paita<\/li>\n<\/ul>\n<p><img decoding=\"async\" loading=\"lazy\" class=\"aligncenter wp-image-10490 size-full\" src=\"https:\/\/blogit-cdn.a-lehdet.fi\/uploads\/sites\/108\/2018\/07\/Adidas-Mekko-3.jpg\" alt=\"\" width=\"3244\" height=\"4475\" \/><br \/>\n<strong>3 asiaa, joita en mielell\u00e4ni pue p\u00e4\u00e4lleni\u2026<\/strong><\/p>\n<ul>\n<li>Sukkahousut. Ellei ole pakko.<\/li>\n<li>Sukat. Paljain varpain on aina paras!<\/li>\n<li>Vaatteet ylip\u00e4\u00e4t\u00e4\u00e4n. Mielell\u00e4\u00e4n hilluisin puolialasti. \ud83d\ude00<\/li>\n<\/ul>\n<p><strong>3 asiaa, jotka haluaisin hankkia\u2026<\/strong><\/p>\n<ul>\n<li>Kunnon stydit bluetooth-kajarit kotiin. Voisi popittaa ys\u00e4ri\u00e4 ja fiilistell\u00e4.<\/li>\n<li>Uuden vetoketjullisen hupparin. Tajusin omistavani vaikka kuinka monta ihanaa collegea ja hupparia, mutta vain yhden arkisen vetoketjulla varustetun, joka on melko ohut.<\/li>\n<li>Uusia sukkia. Kuulemma pit\u00e4isi heitt\u00e4\u00e4 ne l\u00e4pi asti kuluneet veks, mutta en raaski, hah!<\/li>\n<\/ul>\n<p><strong>3 asiaa, joista unelmoin\u2026<\/strong><\/p>\n<ul>\n<li>Omasta pihasta, jossa saisi chillata kenenk\u00e4\u00e4n n\u00e4kem\u00e4tt\u00e4.<\/li>\n<li>Pihasta, jossa olisi viel\u00e4 upotettu jacuzzi <em>(Asuntomessut puhuu viel\u00e4kin)<\/em><\/li>\n<li>Siit\u00e4, ett\u00e4 osaisi olla huolehtimatta liikaa &#8221;huomisesta&#8221;<\/li>\n<\/ul>\n<p><strong>3 asiaa, joita pelk\u00e4\u00e4n\u2026<\/strong><\/p>\n<ul>\n<li>Py\u00f6r\u00f6ovia. Hirveit\u00e4 kapistuksia!<\/li>\n<li>Itseni likoon laittamista asioissa, joissa vaadin itselt\u00e4ni jo l\u00e4ht\u00f6kohtaisesti liikaa.<\/li>\n<li>Ett\u00e4 l\u00f6yd\u00e4n itseni pisteest\u00e4, jossa en pit\u00e4isik\u00e4\u00e4n el\u00e4m\u00e4st\u00e4ni. En tied\u00e4 mist\u00e4 t\u00e4m\u00e4 kumpuaa.<\/li>\n<\/ul>\n<p><strong>3 asiaa, joita toivon tapahtuvan l\u00e4hitulevaisuudessa\u2026<\/strong><\/p>\n<ul>\n<li>Saisin ostettua tai rakennettua talon, jossa olisi oma piha. El\u00e4m\u00e4 keskustan ulkopuolella alkaa houkuttelemaan jo liian lujaa.<\/li>\n<li>Ennen uuden kodin siunaantumista v\u00e4h\u00e4n viel\u00e4 ehostaa t\u00e4t\u00e4 nykyist\u00e4, ja maalata parit sein\u00e4t.<\/li>\n<li>Kehittyminen yritt\u00e4j\u00e4n\u00e4 ja ammatillisissa merkeiss\u00e4. Ainakin kun syksyn kalenteria jo vilkaisee, niin pakko kai t\u00e4ss\u00e4 on jotain omaksua, hah!<\/li>\n<\/ul>\n<p><figure id=\"attachment_10491\" aria-describedby=\"caption-attachment-10491\" style=\"width: 768px\" class=\"wp-caption aligncenter\"><img decoding=\"async\" loading=\"lazy\" class=\"wp-image-10491 size-large\" src=\"https:\/\/blogit-cdn.a-lehdet.fi\/uploads\/sites\/108\/2018\/07\/Adidas-Mekko-2-768x1024.jpg\" alt=\"48 faktaa minusta\" width=\"768\" height=\"1024\" \/><figcaption id=\"caption-attachment-10491\" class=\"wp-caption-text\"><strong><span style=\"color: #333333\">Adidas -mekko: <a rel=\"nofollow\" href=\"https:\/\/www.awin1.com\/cread.php?awinmid=9016&amp;awinaffid=340225&amp;clickref=&amp;p=https%3A%2F%2Fwww.ellos.fi%2Fadidas-originals%2Ffashion-league-tank-dress-mekko%2F1520602-01\" target=\"_blank\" rel=\"noopener\">T\u00c4\u00c4LT\u00c4<\/a>*<\/span><\/strong><\/figcaption><\/figure><br \/>\nJa t\u00e4n\u00e4\u00e4n aamulla pamahti Tubeen my\u00f6s uutta videota, ja jos et sit\u00e4 viel\u00e4 muista tuuteistani huomannut bongailla, niin pist\u00e4h\u00e4n se py\u00f6rim\u00e4\u00e4n ihmeess\u00e4 <strong><a rel=\"nofollow\" href=\"https:\/\/youtu.be\/DgT_f_RAles\" target=\"_blank\" rel=\"noopener\">T\u00c4\u00c4LT\u00c4<\/a><\/strong>!<\/p>\n<p style=\"text-align: center\"><em>Helteist\u00e4 viikonvaihdetta just sulle!<\/em><\/p>\n<h4 style=\"text-align: center\">VILKAISE MY\u00d6S:<br \/>\n<a rel=\"nofollow\" href=\"http:\/\/piiapajunen.fitfashion.fi\/haapaivaamme-uudestaan\/\" target=\"_blank\" rel=\"noopener\">En haluaisi el\u00e4\u00e4 h\u00e4\u00e4p\u00e4iv\u00e4\u00e4mme uudestaan<\/a><br \/>\n&amp; <a rel=\"nofollow\" href=\"http:\/\/piiapajunen.fitfashion.fi\/upeat-kesamekot\/\" target=\"_blank\" rel=\"noopener\">Mit\u00e4 p\u00e4\u00e4lle? Upeat kes\u00e4mekot x 7<\/a><\/h4>\n<h4 style=\"text-align: center\">EDELLINEN JUTTUNI:<br \/>\n<a rel=\"nofollow\" href=\"http:\/\/piiapajunen.fitfashion.fi\/naita-en-vaihda\/\" target=\"_blank\" rel=\"noopener\">10 x N\u00e4it\u00e4 en vaihda mist\u00e4\u00e4n hinnasta!<\/a><\/h4>\n<p style=\"text-align: center\"><strong>\u2665 \u00a0SEURAA MINUA \u00a0\u2665<\/strong><br \/>\n<a rel=\"nofollow\" href=\"https:\/\/www.youtube.com\/user\/Piaiaia\">YouTube<\/a>\u00a0\/\/ <a rel=\"nofollow\" href=\"https:\/\/www.bloglovin.com\/blogs\/piia-pajunen-14767625\">Bloglovin<\/a>\u00a0\/\/\u00a0<a rel=\"nofollow\" href=\"https:\/\/www.facebook.com\/piiaprofitness\/\">Facebook<\/a>\u00a0\/\/\u00a0<a rel=\"nofollow\" href=\"https:\/\/www.instagram.com\/piiapajunen\/\">Instagram<\/a><\/p>\n","protected":false},"excerpt":{"rendered":"<p>Kikkelis kokkelis! T\u00e4h\u00e4n suorastaan h\u00e4vytt\u00f6m\u00e4n kuumottelevan sunnuntain p\u00e4\u00e4tteeksi pistet\u00e4\u00e4n kehiin v\u00e4h\u00e4n keve\u00e4mp\u00e4\u00e4&hellip;<\/p>\n","protected":false},"author":150,"featured_media":10495,"comment_status":"open","ping_status":"open","sticky":false,"template":"","format":"standard","meta":{"footnotes":""},"categories":[3],"tags":[],"acf":[],"platta":{"numLikes":0,"numComments":15,"category":null,"themes":[],"commercial_partner":null,"thumbnail":false,"blog_id":108},"jetpack_featured_media_url":"","_links":{"self":[{"href":"https:\/\/blogit.terve.fi\/piiapajunen\/api\/wp\/v2\/posts\/8822"}],"collection":[{"href":"https:\/\/blogit.terve.fi\/piiapajunen\/api\/wp\/v2\/posts"}],"about":[{"href":"https:\/\/blogit.terve.fi\/piiapajunen\/api\/wp\/v2\/types\/post"}],"author":[{"embeddable":true,"href":"https:\/\/blogit.terve.fi\/piiapajunen\/api\/wp\/v2\/users\/150"}],"replies":[{"embeddable":true,"href":"https:\/\/blogit.terve.fi\/piiapajunen\/api\/wp\/v2\/comments?post=8822"}],"version-history":[{"count":0,"href":"https:\/\/blogit.terve.fi\/piiapajunen\/api\/wp\/v2\/posts\/8822\/revisions"}],"wp:featuredmedia":[{"embeddable":true,"href":"https:\/\/blogit.terve.fi\/piiapajunen\/api\/"}],"wp:attachment":[{"href":"https:\/\/blogit.terve.fi\/piiapajunen\/api\/wp\/v2\/media?parent=8822"}],"wp:term":[{"taxonomy":"category","embeddable":true,"href":"https:\/\/blogit.terve.fi\/piiapajunen\/api\/wp\/v2\/categories?post=8822"},{"taxonomy":"post_tag","embeddable":true,"href":"https:\/\/blogit.terve.fi\/piiapajunen\/api\/wp\/v2\/tags?post=8822"}],"curies":[{"name":"wp","href":"https:\/\/api.w.org\/{rel}","templated":true}]}}