{"id":6555,"date":"2017-10-05T14:26:49","date_gmt":"2017-10-05T11:26:49","guid":{"rendered":"http:\/\/piiapajunen.fitfashion.fi\/?p=6555"},"modified":"2017-10-05T14:26:49","modified_gmt":"2017-10-05T11:26:49","slug":"pienet-rinnat-ja-miehekkaat-lihakset","status":"publish","type":"post","link":"https:\/\/blogit.terve.fi\/piiapajunen\/pienet-rinnat-ja-miehekkaat-lihakset\/","title":{"rendered":"PIENET RINNAT JA MIEHEKK\u00c4\u00c4T LIHAKSET"},"content":{"rendered":"<p><img decoding=\"async\" loading=\"lazy\" class=\"alignnone size-full wp-image-5813\" src=\"https:\/\/blogit-cdn.a-lehdet.fi\/uploads\/sites\/108\/2017\/08\/We-Are-fit-trikoot-4.jpg\" alt=\"\" width=\"4351\" height=\"3263\" \/><br \/>\nJep. N\u00e4m\u00e4 mulla on. Olen lis\u00e4ksi todella lyhyt, ja olen omistanut seiskaluokalta asti melko paksut reidet. Omistan my\u00f6s todella ohuet hiukset, jotka ovat kauttaaltaan itsep\u00e4iset ja k\u00e4kk\u00e4r\u00e4t. Takareisist\u00e4 l\u00f6ytyy noin 40 sentti\u00e4 leikkausarpea, jotka ovat viel\u00e4 pakaran alta venyneet komeasti. Er\u00e4s lapsi kerran totesi my\u00f6s minulle, ett\u00e4 miksi nen\u00e4ni on niin iso, kun kaikilla muilla on normaalikokoiset ja siev\u00e4t nen\u00e4t. Noh, totuus tulee lasten suusta, ja painetaan se toki villaisella, mutta somessa saan kyll\u00e4 s\u00e4\u00e4nn\u00f6llisesti kuulla, kuinka miehinen tai karmea olen. Tisseist\u00e4 sent\u00e4\u00e4n kommenttia tulee todella harvoin, mutta siit\u00e4kin aina silloin t\u00e4ll\u00f6in tulee muistutusta. Tai siis niiden puutteesta.<br \/>\nOmille verkkokalvoille on viime aikoina sy\u00f6ks\u00e4ht\u00e4nyt ihan j\u00e4rjett\u00f6m\u00e4n monta blogiteksti\u00e4 ja tube-videota, jossa keskustellaan t\u00e4st\u00e4 henkil\u00f6n kohtaamasta julkisesta ulkon\u00e4\u00f6n arvostelua ja somen shaibavirrasta. Ihan sama mink\u00e4 n\u00e4k\u00f6inen, kokoinen tai muotoinen ihminen on, niin jokainen ihan varmasti saa osansa. Mik\u00e4 ihmisi\u00e4 ihan oikeasti vaivaa? Arvostavatko ihmiset itse\u00e4\u00e4n niin v\u00e4h\u00e4n ja omaa napaansa esimerkiksi rasvaprosenttinsa perusteella, ett\u00e4 sit\u00e4 on pakko yritt\u00e4\u00e4 sy\u00f6kse\u00e4 muidenkin niskaan ja heitell\u00e4 julkisesti muille kuittia n\u00e4ist\u00e4 omista aroista kohdistaan, jotta hekin saisivat omansa siit\u00e4? Sylkykuppia kehiin hei. Ja sitten toisaalla harmitellaan ja ihmetell\u00e4\u00e4n, kun ihmiset pelk\u00e4\u00e4v\u00e4t painonnousua, h\u00e4pe\u00e4v\u00e4t ep\u00e4t\u00e4ydellisyyksi\u00e4\u00e4n ja pelk\u00e4\u00e4v\u00e4t muiden tuomitsemista. Niin miksik\u00f6h\u00e4n?<br \/>\n<img decoding=\"async\" loading=\"lazy\" class=\"alignnone size-full wp-image-5388\" src=\"https:\/\/blogit-cdn.a-lehdet.fi\/uploads\/sites\/108\/2017\/07\/Aimn-Trikoot-korkea-vyotaro-koko-3.jpg\" alt=\"\" width=\"4510\" height=\"3383\" \/><br \/>\nItse n\u00e4en itseni naisellisena. En ole tieten tahtoen l\u00e4htenyt muuttaamaan ulkon\u00e4k\u00f6\u00e4ni mihink\u00e4\u00e4n suuntaan. Olen vain treenannut ja tehnyt kovasti t\u00f6it\u00e4, jotta voisin olla jonain p\u00e4iv\u00e4n\u00e4 hemmetin kova kilpaurheilija. Pid\u00e4n kyll\u00e4 lihaksia kauniina my\u00f6s naisilla, mutta ulkon\u00e4\u00f6n takia en ole lajiani valinnut. Valitsin vapaaohjelmafitnessin sen takia, ett\u00e4 koin sen olevan minulle sopiva laji jatkumoksi silloiselle kilpaurheilutaustalle. Laji, jossa tekem\u00e4ni aiempi ty\u00f6 kilpaurheilun parissa ei menisi hukkaan, vaan taitopohjani p\u00e4\u00e4sisi oikeasti tehokkaasti hy\u00f6tyk\u00e4ytt\u00f6\u00f6n, ja voisin vied\u00e4 urheilu-uraani entist\u00e4 syvemm\u00e4lle. Valitsin siis lajin, jonka ajattelin sopivan minulle, ja jossa uskoin minulla olevan mahdollisesti potentiaalia. Valitsin lajin, joka oli monipuolisuudessaan ja erilaisuudessaan niin kiehtova paketti, ett\u00e4 olin valmis sanomaan hyv\u00e4stit rakkaalle kasvattilajilleni, jolle olin antanut\u00a0ihan j\u00e4rjett\u00f6m\u00e4n paljon jo vuosien ajan.<br \/>\nOn my\u00f6s mielest\u00e4ni ihan totta melko huvittavaa, ett\u00e4 mielest\u00e4ni ihan s\u00f6\u00f6tti, &#8220;heruttamaton&#8221; ja harmiton kuva bikineiss\u00e4 lomakohteen rannalta, jossa lihaksikkuus ei omasta mielest\u00e4ni edes paista <em>(olen ehk\u00e4 turtunut omaan peilikuvaani, mutta vaikea sanoa objektiivisesti)<\/em>, tullaan ilmoittamaan useampaan otteeseen, ett\u00e4 homma on mennyt mulla v\u00e4h\u00e4n yli, olen \u00e4ll\u00f6 tai n\u00e4yt\u00e4n miehiselt\u00e4. Niin ja tottakai se yksi pakollinen &#8220;hyi v****&#8221;, mutta se tuli joltain keskenkasvuiselta jonnelta. Kaikki muut olivat sent\u00e4\u00e4n aikuisia ihmisi\u00e4. Tai noh, &#8220;aikuisia&#8221;, vaikka k\u00e4yt\u00f6stavoissa kaikki meniv\u00e4t tuon yl\u00e4asteik\u00e4isen rajojaan testailevan ja itse\u00e4\u00e4n hakevan pojannulikan tasolle. Sori. Ei osunut eik\u00e4 uponnut.<br \/>\nNoh, saivathan Yhdysvaltain hurja olympialaisissakin j\u00e4\u00e4t\u00e4v\u00e4\u00e4 menestyst\u00e4 niitt\u00e4nyt voimistelijakolmikko jokin aika sitten ihan kunnon ulostemyrskyn somessaan aikaiseksi, kun kuulemma n\u00e4yttiv\u00e4t bikineiss\u00e4 rannalla kivassa lomakuvassa aivan miehilt\u00e4. Ja suomalaiset komppasivat asiaa kilvan jenkkien per\u00e4ss\u00e4 <em>(hei jee, hyv\u00e4 Suomi!)<\/em> iltalehtien artikkeleiden kommenttibokseissa. Ei kannata urheilla. Sinusta tulee ruma ja karmiva, ja ennen kaikkea itse olet valinnut kuvan jaettavaksi ja arvosteltavaksi.<br \/>\n<img decoding=\"async\" loading=\"lazy\" class=\"alignnone size-full wp-image-5391\" src=\"https:\/\/blogit-cdn.a-lehdet.fi\/uploads\/sites\/108\/2017\/07\/Aimn-Trikoot-korkea-vyotaro-koko-6.jpg\" alt=\"\" width=\"4510\" height=\"3383\" \/><br \/>\nH\u00e4mment\u00e4vint\u00e4 t\u00e4st\u00e4 koko hommasta kuitenkin tekee sen, ett\u00e4 olen itse jo niin turtunut t\u00e4h\u00e4n nettikommentointiin, etten edes \u00a0v\u00e4lit\u00e4 koko asiasta, ja n\u00e4m\u00e4 kommentit vaan saavat itseni l\u00e4hinn\u00e4 ihmettelem\u00e4\u00e4n kommentin j\u00e4tt\u00e4j\u00e4n ajatusmaailmaa, ja jopa ehk\u00e4 v\u00e4h\u00e4n s\u00e4\u00e4lim\u00e4\u00e4n. He eiv\u00e4t onnistuneet agendassaan satuttaa minua tai aiheuttaa minulle pahaa oloa, ja l\u00e4hinn\u00e4 j\u00e4\u00e4n pohtimaan, mik\u00e4 heill\u00e4 on itsell\u00e4\u00e4n h\u00e4t\u00e4n\u00e4, ja kohtelevatko n\u00e4m\u00e4 ihmiset l\u00e4heisi\u00e4\u00e4nkin yht\u00e4 t\u00f6rke\u00e4sti. Jos ei nyt ihan kaiken aikaa, mutta edes suutusp\u00e4iss\u00e4\u00e4n, kerran tuollaista kuraa omaksi viihdykkeekseen tykk\u00e4\u00e4v\u00e4t suoltaa. Ei varmaan paljoa kiukkua vaadi, ett\u00e4 l\u00e4hipiirille lipsahtaa v\u00e4h\u00e4n\u00a0&#8220;arvostusta&#8221;, mutta kuka tiet\u00e4\u00e4.<br \/>\nItse tapaan omien somekanavieni julmana itsevaltiaana <em>(muahahaha)<\/em> poistaa n\u00e4m\u00e4 kommentit ihan suoraan sen kummemmin ajattelematta tai vastakommentointiin l\u00e4htem\u00e4tt\u00e4. Pyrin itse k\u00e4ytt\u00e4ytym\u00e4\u00e4n somessa ja kohtelemaan siell\u00e4 ihmisi\u00e4 kunnioituksella, joten odotan muilta samaa. Jos t\u00e4h\u00e4n ei pysty, niin kanavissani ei tarvitse omia ajatuksiaan purkaa. Mammapalstoilla on edelleen tilaa l\u00e4hes loputtomiin asti, ja siell\u00e4 saa sielunkumppaneita r\u00e4ksytt\u00e4m\u00e4\u00e4n ja populaa omia erinomaisia mielipiteit\u00e4 komppaamaan. Eri\u00e4vi\u00e4 mielipiteit\u00e4 esimerkiksi julkilaukomista ajatuksistani saa toki esitt\u00e4\u00e4 asiallisesti, ja jokaisella saa olla mielipide toisista ihmisist\u00e4, mutta harmillisen usein kritiikki ja piilokettuilu sekoitetaan kesken\u00e4\u00e4n.<br \/>\n<figure id=\"attachment_5392\" aria-describedby=\"caption-attachment-5392\" style=\"width: 4360px\" class=\"wp-caption alignnone\"><img decoding=\"async\" loading=\"lazy\" class=\"wp-image-5392 size-full\" src=\"https:\/\/blogit-cdn.a-lehdet.fi\/uploads\/sites\/108\/2017\/07\/Aimn-Trikoot-korkea-vyotaro-koko-7.jpg\" alt=\"\" width=\"4360\" height=\"3270\" \/><figcaption id=\"caption-attachment-5392\" class=\"wp-caption-text\"><strong><span style=\"color: #333333\">Aim&#8217;n-trikoot: <a rel=\"nofollow\" href=\"https:\/\/track.adtraction.com\/t\/t?a=1071673894&amp;as=1132986257&amp;t=2&amp;tk=1&amp;url=https:\/\/www.houseofbrandon.com\/naiset\/sport\/alaosat\/brave-spirit-tights-p-17252.html\">T\u00c4\u00c4LT\u00c4<\/a>*<\/span><\/strong><\/figcaption><\/figure><br \/>\nJa ehk\u00e4 v\u00e4synein argumentti t\u00f6rkyisten somekomenttien puoltamiseksi on &#8220;itsep\u00e4h\u00e4n ovat kuvansa ja itsens\u00e4 esille laittaneet&#8221;. Kannattaa hei siis pysy\u00e4 kotona nelj\u00e4n sein\u00e4n sis\u00e4ll\u00e4. Ulos kotiovesta astuessasi asetat itsesi tietoisesti siihen vaaraan, ett\u00e4 joku voi tulla haukkumaan sinua kadulla p\u00e4in naamaa karmivaksi, rumaksi, lihavaksi, oksettavaksi tai hirvitykseksi. Mit\u00e4s hei l\u00e4hdit ulos? Itsep\u00e4h\u00e4n sit\u00e4 kerj\u00e4sit. Kyll\u00e4. \ud83d\ude00<br \/>\n<strong>Ja hoihoihoi!<\/strong> Jos olet tulossa viikonloppuna NFE:ssa py\u00f6r\u00e4ht\u00e4m\u00e4\u00e4n, niin tule kuule ihmeess\u00e4 moikkaamaan meitsi\u00e4 ja heitt\u00e4\u00e4n l\u00e4pyt FASTin st\u00e4ndille lauantaina 14-17 ja sunnuntaina 14-15! Haluan n\u00e4hd\u00e4 siell\u00e4 just sut! \ud83d\ude09<\/p>\n<p style=\"text-align: center\"><em>Mielet\u00f6nt\u00e4 loppuviikkoa jokaiselle omasta ulkokuorestaan huolimatta!<\/em><\/p>\n<h4 style=\"text-align: center\">Kurkkaa my\u00f6s: <a rel=\"nofollow\" href=\"http:\/\/piiapajunen.fitfashion.fi\/elamaa-pienten-rintojen-kanssa\/\">El\u00e4m\u00e4\u00e4 pienten rintojen kanssa<\/a><br \/>\n&amp;\u00a0<a rel=\"nofollow\" href=\"http:\/\/piiapajunen.fitfashion.fi\/iltasanomien-kommenttiboksi\/\">Iltasanomien kommenttiboksi kertoo totuuden!<\/a><\/h4>\n<h4 style=\"text-align: center\">Edellinen juttuni: <a rel=\"nofollow\" href=\"http:\/\/piiapajunen.fitfashion.fi\/mies-poissa-kotoa\/\">Mit\u00e4 tapahtuu, kun mies on poissa kotoa?<\/a><\/h4>\n<p style=\"text-align: center\"><strong>\u2665 \u00a0SEURAA MINUA \u00a0\u2665<\/strong><br \/>\n<a rel=\"nofollow\" href=\"https:\/\/www.youtube.com\/user\/Piaiaia\">YouTube<\/a>\u00a0\/\/ <a rel=\"nofollow\" href=\"https:\/\/www.bloglovin.com\/blogs\/piia-pajunen-14767625\">Bloglovin<\/a>\u00a0\/\/\u00a0<a rel=\"nofollow\" href=\"https:\/\/www.facebook.com\/piiaprofitness\/\">Facebook<\/a>\u00a0\/\/\u00a0<a rel=\"nofollow\" href=\"https:\/\/www.instagram.com\/piiapajunen\/\">Instagram<\/a><br \/>\nSnapchat: piiapajunen<\/p>\n","protected":false},"excerpt":{"rendered":"<p>Jep. N\u00e4m\u00e4 mulla on. Olen lis\u00e4ksi todella lyhyt, ja olen omistanut seiskaluokalta&hellip;<\/p>\n","protected":false},"author":150,"featured_media":6579,"comment_status":"closed","ping_status":"closed","sticky":false,"template":"","format":"standard","meta":{"footnotes":""},"categories":[3,5],"tags":[11,33],"acf":[],"platta":{"numLikes":0,"numComments":33,"category":null,"themes":[],"commercial_partner":null,"thumbnail":false,"blog_id":108},"jetpack_featured_media_url":"","_links":{"self":[{"href":"https:\/\/blogit.terve.fi\/piiapajunen\/api\/wp\/v2\/posts\/6555"}],"collection":[{"href":"https:\/\/blogit.terve.fi\/piiapajunen\/api\/wp\/v2\/posts"}],"about":[{"href":"https:\/\/blogit.terve.fi\/piiapajunen\/api\/wp\/v2\/types\/post"}],"author":[{"embeddable":true,"href":"https:\/\/blogit.terve.fi\/piiapajunen\/api\/wp\/v2\/users\/150"}],"replies":[{"embeddable":true,"href":"https:\/\/blogit.terve.fi\/piiapajunen\/api\/wp\/v2\/comments?post=6555"}],"version-history":[{"count":0,"href":"https:\/\/blogit.terve.fi\/piiapajunen\/api\/wp\/v2\/posts\/6555\/revisions"}],"wp:featuredmedia":[{"embeddable":true,"href":"https:\/\/blogit.terve.fi\/piiapajunen\/api\/"}],"wp:attachment":[{"href":"https:\/\/blogit.terve.fi\/piiapajunen\/api\/wp\/v2\/media?parent=6555"}],"wp:term":[{"taxonomy":"category","embeddable":true,"href":"https:\/\/blogit.terve.fi\/piiapajunen\/api\/wp\/v2\/categories?post=6555"},{"taxonomy":"post_tag","embeddable":true,"href":"https:\/\/blogit.terve.fi\/piiapajunen\/api\/wp\/v2\/tags?post=6555"}],"curies":[{"name":"wp","href":"https:\/\/api.w.org\/{rel}","templated":true}]}}