{"id":13156,"date":"2019-04-07T08:00:41","date_gmt":"2019-04-07T05:00:41","guid":{"rendered":"http:\/\/blogit.terve.fi\/piiapajunen\/?p=13156"},"modified":"2019-04-05T16:49:37","modified_gmt":"2019-04-05T13:49:37","slug":"mita-paalle-kevattakit","status":"publish","type":"post","link":"https:\/\/blogit.terve.fi\/piiapajunen\/mita-paalle-kevattakit\/","title":{"rendered":"MIT\u00c4 P\u00c4\u00c4LLE KEV\u00c4TKELEILLE? 4 x KEV\u00c4TTAKIT"},"content":{"rendered":"<p><em>*Sis\u00e4lt\u00e4\u00e4 mainoslinkkej\u00e4<\/em><\/p>\n<p><img decoding=\"async\" loading=\"lazy\" class=\"aligncenter wp-image-13159 size-full\" src=\"https:\/\/blogit-cdn.a-lehdet.fi\/uploads\/sites\/108\/2019\/04\/takki.jpg\" alt=\"\" width=\"1777\" height=\"2048\" srcset=\"https:\/\/blogit-cdn.a-lehdet.fi\/uploads\/sites\/108\/2019\/04\/takki.jpg 1777w, https:\/\/blogit-cdn.a-lehdet.fi\/uploads\/sites\/108\/2019\/04\/takki-260x300.jpg 260w, https:\/\/blogit-cdn.a-lehdet.fi\/uploads\/sites\/108\/2019\/04\/takki-768x885.jpg 768w, https:\/\/blogit-cdn.a-lehdet.fi\/uploads\/sites\/108\/2019\/04\/takki-1076x1240.jpg 1076w\" sizes=\"(max-width: 1777px) 100vw, 1777px\" \/><\/p>\n<p>Se alkais olemaan se vaihe vuodesta, kun on kev\u00e4tt\u00e4 rinnoissa ja toppatakit siirret\u00e4\u00e4n hiljalleen varastoon! Arska ilmoittelee olemasta olostaan entist\u00e4 useammin, ja l\u00e4mp\u00f6mittari kohoaa hiljalleen kohti messev\u00e4mpi\u00e4 lukemia kylm\u00e4n talven j\u00e4ljilt\u00e4. Viel\u00e4 kun ensimm\u00e4iset leskenlehdet saa bongata, niin saa huutaa bingoa.<\/p>\n<p>Asupostausten per\u00e4\u00e4n on taas kyselty, ja ajankohtaisena aiheena t\u00e4ss\u00e4 huhtikuun alkupuolella ovatkin kev\u00e4ttakit.\u00a0Kaikki takit olen todennut toimiviksi my\u00f6s allekirjoittaneen leve\u00e4hk\u00f6ll\u00e4 hartialinjalla ilman yl\u00e4sel\u00e4n kirrauksia. Se kun ei ole ihan itsest\u00e4\u00e4nselvyys, mutta vuosien varrella t\u00e4t\u00e4 olen oppinut takeista etuk\u00e4teen skannaammaan!<\/p>\n<h4 style=\"text-align: center\">4 x IHANAT KEV\u00c4TTAKIT<\/h4>\n<h2 style=\"text-align: center\">P\u00d6RR\u00d6TURKIS<\/h2>\n<p>T\u00e4m\u00e4 viininpunainen keve\u00e4 tekoturkis eksyi viime syksyn\u00e4 naulakkooni, ja olenkin odottanut, ett\u00e4 p\u00e4\u00e4sen t\u00e4t\u00e4 vihdoin ulkoiluttamaan kev\u00e4tkeleill\u00e4 pitk\u00e4n talven j\u00e4lkeen. Siro, pehme\u00e4 ja p\u00f6rr\u00f6inen takki kev\u00e4tkeleille!<\/p>\n<p><img decoding=\"async\" loading=\"lazy\" class=\"aligncenter wp-image-13169 size-full\" src=\"https:\/\/blogit-cdn.a-lehdet.fi\/uploads\/sites\/108\/2019\/04\/takit-3.jpg\" alt=\"\" width=\"1623\" height=\"2048\" srcset=\"https:\/\/blogit-cdn.a-lehdet.fi\/uploads\/sites\/108\/2019\/04\/takit-3.jpg 1623w, https:\/\/blogit-cdn.a-lehdet.fi\/uploads\/sites\/108\/2019\/04\/takit-3-238x300.jpg 238w, https:\/\/blogit-cdn.a-lehdet.fi\/uploads\/sites\/108\/2019\/04\/takit-3-768x969.jpg 768w, https:\/\/blogit-cdn.a-lehdet.fi\/uploads\/sites\/108\/2019\/04\/takit-3-983x1240.jpg 983w\" sizes=\"(max-width: 1623px) 100vw, 1623px\" \/><\/p>\n<p style=\"text-align: center\"><strong>Tekoturkis: <a rel=\"nofollow\" href=\"https:\/\/track.adtraction.com\/t\/t?a=1118337272&amp;as=1132986257&amp;t=2&amp;tk=1&amp;url=https:\/\/www.bubbleroom.fi\/fi\/vaatteet\/naiset\/vero-moda\/takkeja\/curl-short-fake-fur-jkt-winetasting\" target=\"_blank\" rel=\"noopener\">T\u00c4\u00c4LT\u00c4<\/a>*<br \/>\nHousut: <a rel=\"nofollow\" href=\"https:\/\/track.adtraction.com\/t\/t?a=1118337272&amp;as=1132986257&amp;t=2&amp;tk=1&amp;url=https:\/\/www.bubbleroom.fi\/fi\/vaatteet\/naiset\/vila\/housuja-2\/split-flared-pants-black\" target=\"_blank\" rel=\"noopener\">T\u00c4\u00c4LT\u00c4<\/a>*<\/strong><\/p>\n<h2 style=\"text-align: center\">MUSTAA JA SIISTI\u00c4<\/h2>\n<p>Rakkaustakkini edustavampaan menoon ja siistimp\u00e4\u00e4n arkilookiin. Parasta t\u00e4ss\u00e4 takissa on tuo kevyt stretch-ominaisuus, joka omalle ruumiinrakenteelleni on aika nappi. Eip\u00e4 kirraa hartioista ja pystyy liikkumaan normaalisti, heh. Samaisesta takista on nyt p\u00e4ivitetty versio, jossa materiaali sek\u00e4 leikkaus on sama, mutta l\u00e4hinn\u00e4 taskut erilaiset.<\/p>\n<p><img decoding=\"async\" loading=\"lazy\" class=\"aligncenter wp-image-13157 size-full\" src=\"https:\/\/blogit-cdn.a-lehdet.fi\/uploads\/sites\/108\/2019\/04\/takki-3.jpg\" alt=\"kev\u00e4ttakit\" width=\"1688\" height=\"2048\" srcset=\"https:\/\/blogit-cdn.a-lehdet.fi\/uploads\/sites\/108\/2019\/04\/takki-3.jpg 1688w, https:\/\/blogit-cdn.a-lehdet.fi\/uploads\/sites\/108\/2019\/04\/takki-3-247x300.jpg 247w, https:\/\/blogit-cdn.a-lehdet.fi\/uploads\/sites\/108\/2019\/04\/takki-3-768x932.jpg 768w, https:\/\/blogit-cdn.a-lehdet.fi\/uploads\/sites\/108\/2019\/04\/takki-3-1022x1240.jpg 1022w\" sizes=\"(max-width: 1688px) 100vw, 1688px\" \/><\/p>\n<p style=\"text-align: center\"><strong>Samankaltainen takki: <a rel=\"nofollow\" href=\"https:\/\/www.awin1.com\/cread.php?awinmid=9016&amp;awinaffid=340225&amp;clickref=&amp;p=https%3A%2F%2Fwww.ellos.fi%2Fellos-collection%2Falliana-takki%2F7006089-01\" target=\"_blank\" rel=\"noopener\">T\u00c4\u00c4LT\u00c4<\/a>*<br \/>\nSuperstretch-farkut: <a rel=\"nofollow\" href=\"https:\/\/track.adtraction.com\/t\/t?a=1118337272&amp;as=1132986257&amp;t=2&amp;tk=1&amp;url=https:\/\/www.bubbleroom.fi\/fi\/vaatteet\/naiset\/77th-flea\/pillifarkut\/bianca-superstretch-musta\" target=\"_blank\" rel=\"noopener\">T\u00c4\u00c4LT\u00c4<\/a>*<br \/>\nReebok Princess-tennarit: <a rel=\"nofollow\" href=\"https:\/\/www.awin1.com\/cread.php?awinmid=9016&amp;awinaffid=340225&amp;clickref=&amp;p=https%3A%2F%2Fwww.ellos.fi%2Freebok-classic%2Fprincess-tennarit%2F1511831-01\" target=\"_blank\" rel=\"noopener\">T\u00c4\u00c4LT\u00c4<\/a>*<\/strong><\/p>\n<h2 style=\"text-align: center\">HARMAA HUPPUTAKKI<\/h2>\n<p>Hupulliset takit koen itselleni k\u00e4yt\u00e4nn\u00f6llisimmiksi, sill\u00e4 kosteilla keleill\u00e4 saa hiukset suojattua ja tuulen tuivertaessa korvat voi piilottaa hupun sis\u00e4\u00e4n. T\u00e4m\u00e4 hupputakki on melkoisen monik\u00e4ytt\u00f6inen, ja menee sek\u00e4 siistimp\u00e4\u00e4n ja rennompaan kev\u00e4t- tai syyslookiin. Materiaali toki ei jousta, mutta leikkauksen puolesta hartialinja ei kirraa ja alle mahtuu paksumpaakin neuletta. Peukku!<\/p>\n<p><img decoding=\"async\" loading=\"lazy\" class=\"aligncenter wp-image-13160 size-full\" src=\"https:\/\/blogit-cdn.a-lehdet.fi\/uploads\/sites\/108\/2019\/04\/takit-6.jpg\" alt=\"kev\u00e4ttakit\" width=\"1800\" height=\"1400\" srcset=\"https:\/\/blogit-cdn.a-lehdet.fi\/uploads\/sites\/108\/2019\/04\/takit-6.jpg 1800w, https:\/\/blogit-cdn.a-lehdet.fi\/uploads\/sites\/108\/2019\/04\/takit-6-300x233.jpg 300w, https:\/\/blogit-cdn.a-lehdet.fi\/uploads\/sites\/108\/2019\/04\/takit-6-768x597.jpg 768w, https:\/\/blogit-cdn.a-lehdet.fi\/uploads\/sites\/108\/2019\/04\/takit-6-1240x964.jpg 1240w\" sizes=\"(max-width: 1800px) 100vw, 1800px\" \/><\/p>\n<p style=\"text-align: center\"><strong>Takki: <a rel=\"nofollow\" href=\"https:\/\/track.adtraction.com\/t\/t?a=1118337272&amp;as=1132986257&amp;t=2&amp;tk=1&amp;url=https:\/\/www.bubbleroom.fi\/fi\/vaatteet\/naiset\/only\/takkeja\/sedona-light-coat-light-grey-melange\" target=\"_blank\" rel=\"noopener\">T\u00c4\u00c4LT\u00c4<\/a>* (useita v\u00e4rej\u00e4)<\/strong><br \/>\n<strong>Valkoiset superstretch-farkut: <a rel=\"nofollow\" href=\"https:\/\/track.adtraction.com\/t\/t?a=1118337272&amp;as=1132986257&amp;t=2&amp;tk=1&amp;url=https:\/\/www.bubbleroom.fi\/fi\/vaatteet\/naiset\/77th-flea\/pillifarkut\/bianca-superstretch-white\" target=\"_blank\" rel=\"noopener\">T\u00c4\u00c4LT\u00c4<\/a>*<\/strong><br \/>\n<strong>Vaaleanpunainen raitaneule: <a rel=\"nofollow\" href=\"https:\/\/track.adtraction.com\/t\/t?a=1118337272&amp;as=1132986257&amp;t=2&amp;tk=1&amp;url=https:\/\/www.bubbleroom.fi\/fi\/vaatteet\/naiset\/only\/arkityyli-2\/aya-7-8-v-neck-pullover-misty-rose\" target=\"_blank\" rel=\"noopener\">T\u00c4\u00c4LT\u00c4<\/a>*<\/strong><\/p>\n<h2 style=\"text-align: center\">SININEN PARKA<\/h2>\n<p>Arjen sankaritakki. Simppeli, toimiva ja hupullinen kev\u00e4t- ja syysilmoille. Itse suosin my\u00f6s miell\u00e4ni vy\u00f6t\u00e4r\u00f6lt\u00e4 kiristett\u00e4vi\u00e4 malleja, koska keskivartalooni verrattuna suhteellisen leve\u00e4n hartialinjani vuoksi joudun usein nappaamaan hieman reiluhkoja kokoja tai rennompia malleja, ja n\u00e4in vy\u00f6t\u00e4r\u00f6kiristyksen avulla s\u00e4ilyy muodot kohdallaan.<\/p>\n<p><img decoding=\"async\" loading=\"lazy\" class=\"aligncenter wp-image-13158 size-full\" src=\"https:\/\/blogit-cdn.a-lehdet.fi\/uploads\/sites\/108\/2019\/04\/takki-2.jpg\" alt=\"\" width=\"1848\" height=\"2048\" srcset=\"https:\/\/blogit-cdn.a-lehdet.fi\/uploads\/sites\/108\/2019\/04\/takki-2.jpg 1848w, https:\/\/blogit-cdn.a-lehdet.fi\/uploads\/sites\/108\/2019\/04\/takki-2-271x300.jpg 271w, https:\/\/blogit-cdn.a-lehdet.fi\/uploads\/sites\/108\/2019\/04\/takki-2-768x851.jpg 768w, https:\/\/blogit-cdn.a-lehdet.fi\/uploads\/sites\/108\/2019\/04\/takki-2-1119x1240.jpg 1119w\" sizes=\"(max-width: 1848px) 100vw, 1848px\" \/><\/p>\n<p style=\"text-align: center\"><strong>Parka-takki: <a rel=\"nofollow\" href=\"https:\/\/www.awin1.com\/cread.php?awinmid=9016&amp;awinaffid=340225&amp;clickref=&amp;p=https%3A%2F%2Fwww.ellos.fi%2Fellos-collection%2Fava-parkatakki%2F1045072-01\" target=\"_blank\" rel=\"noopener\">T\u00c4\u00c4LT\u00c4<\/a>*<\/strong><\/p>\n<p>Kev\u00e4t on p\u00e4\u00e4ssyt jo siihen asti, ett\u00e4 tiet ja lenkkipolut alkavat olla lenkkikunnossa. T\u00e4ll\u00e4 viikolla p\u00e4\u00e4sin sudittamaan ensimm\u00e4ist\u00e4 kertaa lenkkaria lenkkipolulla, ja ai ett\u00e4 siin\u00e4 ilta-auringossa kiit\u00e4minen maistui. Koirakin kiit\u00e4\u00e4 ihan erilailla kaduilla, kun lumet ja hiekoitussorat loistavat poissaolollaan. Aijjett\u00e4. Onpa ihanaa, ett\u00e4 on kev\u00e4t!<\/p>\n<p style=\"text-align: center\"><em>Kev\u00e4ist\u00e4 viikonvaihdetta!<\/em><\/p>\n<h4 style=\"text-align: center\">KURKKAA MY\u00d6S:<br \/>\n<a href=\"http:\/\/blogit.terve.fi\/piiapajunen\/ikuiset-hiusongelmat\/\" target=\"_blank\" rel=\"noopener\">6 x Ne ikuiset hiusongelmat &#8211; Ffuuu!<\/a><\/h4>\n<h4 style=\"text-align: center\">EDELLINEN JUTTUNI:<br \/>\n<a href=\"http:\/\/blogit.terve.fi\/piiapajunen\/5-vinkkia-flunssan-ehkaisyyn\/\" target=\"_blank\" rel=\"noopener\">Flunssa kuriin! 5 toimivaa vinkki\u00e4 flunssan ehk\u00e4isyyn<\/a><\/h4>\n<p style=\"text-align: center\"><strong>\u2665 \u00a0SEURAA MINUA \u00a0\u2665<br \/>\n<\/strong><a rel=\"nofollow\" href=\"https:\/\/www.youtube.com\/user\/Piaiaia\" target=\"_blank\" rel=\"noopener\">YouTube<\/a>\u00a0\/\/ <a rel=\"nofollow\" href=\"https:\/\/www.bloglovin.com\/blogs\/piia-pajunen-14767625\" target=\"_blank\" rel=\"noopener\">Bloglovin<\/a>\u00a0\/\/\u00a0<a rel=\"nofollow\" href=\"https:\/\/www.facebook.com\/piiaprofitness\/\" target=\"_blank\" rel=\"noopener\">Facebook<\/a>\u00a0\/\/\u00a0<a rel=\"nofollow\" href=\"https:\/\/www.instagram.com\/piiapajunen\/\" target=\"_blank\" rel=\"noopener\">Instagram<\/a><\/p>\n","protected":false},"excerpt":{"rendered":"<p>*Sis\u00e4lt\u00e4\u00e4 mainoslinkkej\u00e4 Se alkais olemaan se vaihe vuodesta, kun on kev\u00e4tt\u00e4 rinnoissa&hellip;<\/p>\n","protected":false},"author":150,"featured_media":13157,"comment_status":"open","ping_status":"closed","sticky":false,"template":"","format":"standard","meta":{"footnotes":""},"categories":[1],"tags":[17,39],"acf":[],"platta":{"numLikes":1,"numComments":6,"category":"kauneus","themes":["muoti","pukeutuminen"],"commercial_partner":null,"thumbnail":"https:\/\/blogit-cdn.a-lehdet.fi\/uploads\/sites\/108\/2019\/04\/takki-3.jpg","blog_id":108},"jetpack_featured_media_url":"https:\/\/blogit-cdn.a-lehdet.fi\/uploads\/sites\/108\/2019\/04\/takki-3.jpg","_links":{"self":[{"href":"https:\/\/blogit.terve.fi\/piiapajunen\/api\/wp\/v2\/posts\/13156"}],"collection":[{"href":"https:\/\/blogit.terve.fi\/piiapajunen\/api\/wp\/v2\/posts"}],"about":[{"href":"https:\/\/blogit.terve.fi\/piiapajunen\/api\/wp\/v2\/types\/post"}],"author":[{"embeddable":true,"href":"https:\/\/blogit.terve.fi\/piiapajunen\/api\/wp\/v2\/users\/150"}],"replies":[{"embeddable":true,"href":"https:\/\/blogit.terve.fi\/piiapajunen\/api\/wp\/v2\/comments?post=13156"}],"version-history":[{"count":5,"href":"https:\/\/blogit.terve.fi\/piiapajunen\/api\/wp\/v2\/posts\/13156\/revisions"}],"predecessor-version":[{"id":13182,"href":"https:\/\/blogit.terve.fi\/piiapajunen\/api\/wp\/v2\/posts\/13156\/revisions\/13182"}],"wp:featuredmedia":[{"embeddable":true,"href":"https:\/\/blogit.terve.fi\/piiapajunen\/api\/wp\/v2\/media\/13157"}],"wp:attachment":[{"href":"https:\/\/blogit.terve.fi\/piiapajunen\/api\/wp\/v2\/media?parent=13156"}],"wp:term":[{"taxonomy":"category","embeddable":true,"href":"https:\/\/blogit.terve.fi\/piiapajunen\/api\/wp\/v2\/categories?post=13156"},{"taxonomy":"post_tag","embeddable":true,"href":"https:\/\/blogit.terve.fi\/piiapajunen\/api\/wp\/v2\/tags?post=13156"}],"curies":[{"name":"wp","href":"https:\/\/api.w.org\/{rel}","templated":true}]}}