{"id":1436,"date":"2016-04-19T16:08:09","date_gmt":"2016-04-19T13:08:09","guid":{"rendered":"http:\/\/blogit.terve.fi\/nannakaralahti\/?p=1436"},"modified":"2016-04-19T16:08:09","modified_gmt":"2016-04-19T13:08:09","slug":"onkohan-kaikki-hankittu","status":"publish","type":"post","link":"https:\/\/blogit.terve.fi\/nannakaralahti\/onkohan-kaikki-hankittu\/","title":{"rendered":"Onkohan kaikki hankittu?"},"content":{"rendered":"<p>Tekstiili-imuri oli juuri tunnin k\u00e4dess\u00e4ni, kun pesin vanhoja mattoja. Samalla mietin onkohan mulla nyt kaikki tarvittava valmiina. Laskettuun aikaan on muutama viikko, joten periaatteessahan vauva voi synty\u00e4 milloin vaan. <em>Olen my\u00f6s monesti kuullut puhuttavan sairaalalaukun pakkaamisesta ja ajatellut, ett\u00e4 kohta min\u00e4kin sen pakkaan. Nyt kun senkin aika olisi, niin enh\u00e4n m\u00e4 oikein tied\u00e4 mit\u00e4 sinne kuuluu pakata \ud83d\ude42 Joten help me j\u00e4lleen kerran.<\/em><\/p>\n<p><strong>Viime vauvantarvike-postaukseen sain paljon loistavia vinkkej\u00e4 ja neuvoja. Kiitos jokaikisest\u00e4<\/strong>. Nyt tuntuu silt\u00e4, ett\u00e4 kaikki tarvittavat on hankittu. Joku teist\u00e4 lukijoista kirjoittikin hyvin, ett\u00e4 sen n\u00e4kee sitten k\u00e4yt\u00e4nn\u00f6ss\u00e4 mit\u00e4 sit\u00e4 tarvitsee oikeasti ja niinh\u00e4n se on. Ei musta toivottavasti ihan k\u00e4det\u00f6nt\u00e4 tule vauvan syntym\u00e4n j\u00e4lkeen, joten pystyn asioita hankkimaan ja tekem\u00e4\u00e4n my\u00f6s vauvan synnytty\u00e4 \ud83d\ude42<\/p>\n<p><a rel=\"nofollow\" href=\"http:\/\/d3vsgec5pd3juy.cloudfront.net\/wp-content-new\/uploads\/sites\/8\/2016\/04\/img_4026_fotor.jpg\"><img decoding=\"async\" loading=\"lazy\" class=\"alignnone size-full wp-image-1441\" src=\"http:\/\/d3vsgec5pd3juy.cloudfront.net\/wp-content-new\/uploads\/sites\/8\/2016\/04\/img_4026_fotor.jpg\" alt=\"IMG_4026_Fotor\" width=\"900\" height=\"438\" srcset=\"https:\/\/blogit-cdn.a-lehdet.fi\/uploads\/sites\/81\/2016\/04\/img_4026_fotor.jpg 900w, https:\/\/blogit-cdn.a-lehdet.fi\/uploads\/sites\/81\/2016\/04\/img_4026_fotor-300x146.jpg 300w, https:\/\/blogit-cdn.a-lehdet.fi\/uploads\/sites\/81\/2016\/04\/img_4026_fotor-768x374.jpg 768w, https:\/\/blogit-cdn.a-lehdet.fi\/uploads\/sites\/81\/2016\/04\/img_4026_fotor-400x195.jpg 400w\" sizes=\"(max-width: 900px) 100vw, 900px\" \/><\/a><\/p>\n<p>Hankimme kaikki tarvikkeet<strong> Lastentarvikkeesta<\/strong>. Kysyin viime talvena parhaalta yst\u00e4v\u00e4lt\u00e4ni, ett\u00e4 mik\u00e4 olisi sellainen paikka, josta saisin kaiken samasta paikkaa aina lastenrattaista tuttipulloihin ja h\u00e4n ehdotti minulle Lastentarviketta ja saman tien googlailinkin heid\u00e4n nettisivut. Pakokauhun iskiess\u00e4 p\u00e4\u00e4tin, ett\u00e4 menen Suomessa k\u00e4ym\u00e4\u00e4n myym\u00e4l\u00e4ss\u00e4, jonka j\u00e4lkeen ei olekaan tarvinnut sitten muissa lastentarvikeliikkeiss\u00e4 k\u00e4yd\u00e4.<\/p>\n<p>Vaunuiksi valikoitui <strong>Emmaljungan super vikingit<\/strong>.<\/p>\n<p><a rel=\"nofollow\" href=\"http:\/\/d3vsgec5pd3juy.cloudfront.net\/wp-content-new\/uploads\/sites\/8\/2016\/04\/img_4022_fotor.jpg\"><img decoding=\"async\" loading=\"lazy\" class=\"alignnone size-full wp-image-1440\" src=\"http:\/\/d3vsgec5pd3juy.cloudfront.net\/wp-content-new\/uploads\/sites\/8\/2016\/04\/img_4022_fotor.jpg\" alt=\"IMG_4022_Fotor\" width=\"900\" height=\"1349\" srcset=\"https:\/\/blogit-cdn.a-lehdet.fi\/uploads\/sites\/81\/2016\/04\/img_4022_fotor.jpg 900w, https:\/\/blogit-cdn.a-lehdet.fi\/uploads\/sites\/81\/2016\/04\/img_4022_fotor-200x300.jpg 200w, https:\/\/blogit-cdn.a-lehdet.fi\/uploads\/sites\/81\/2016\/04\/img_4022_fotor-768x1151.jpg 768w, https:\/\/blogit-cdn.a-lehdet.fi\/uploads\/sites\/81\/2016\/04\/img_4022_fotor-683x1024.jpg 683w, https:\/\/blogit-cdn.a-lehdet.fi\/uploads\/sites\/81\/2016\/04\/img_4022_fotor-267x400.jpg 267w\" sizes=\"(max-width: 900px) 100vw, 900px\" \/><\/a><\/p>\n<p>Halusin <strong>vauvapes\u00e4n,<\/strong> josta kuulin yhdelt\u00e4 lukijaltani \ud83d\ude42 Lastentarviikkeesta l\u00f6ytyi kokovalkoinen, mutta halusin siihen v\u00e4h\u00e4n jotain extraa. Niinp\u00e4 laitoin \u00e4idilleni kuvan, ett\u00e4 t\u00e4t\u00e4 t\u00e4ytyisi v\u00e4h\u00e4n koristella ja lopputulokseksi tuli alla olevan kuvan mukainen. Ihan mielet\u00f6n! Jossain haluaisin k\u00e4yd\u00e4 viel\u00e4 sis\u00e4lle kirjoittamassa pojan nimen ja syntym\u00e4ajan.<\/p>\n<p><a rel=\"nofollow\" href=\"http:\/\/d3vsgec5pd3juy.cloudfront.net\/wp-content-new\/uploads\/sites\/8\/2016\/04\/img_4018_fotor.jpg\"><img decoding=\"async\" loading=\"lazy\" class=\"alignnone size-full wp-image-1439\" src=\"http:\/\/d3vsgec5pd3juy.cloudfront.net\/wp-content-new\/uploads\/sites\/8\/2016\/04\/img_4018_fotor.jpg\" alt=\"IMG_4018_Fotor\" width=\"900\" height=\"1349\" srcset=\"https:\/\/blogit-cdn.a-lehdet.fi\/uploads\/sites\/81\/2016\/04\/img_4018_fotor.jpg 900w, https:\/\/blogit-cdn.a-lehdet.fi\/uploads\/sites\/81\/2016\/04\/img_4018_fotor-200x300.jpg 200w, https:\/\/blogit-cdn.a-lehdet.fi\/uploads\/sites\/81\/2016\/04\/img_4018_fotor-768x1151.jpg 768w, https:\/\/blogit-cdn.a-lehdet.fi\/uploads\/sites\/81\/2016\/04\/img_4018_fotor-683x1024.jpg 683w, https:\/\/blogit-cdn.a-lehdet.fi\/uploads\/sites\/81\/2016\/04\/img_4018_fotor-267x400.jpg 267w\" sizes=\"(max-width: 900px) 100vw, 900px\" \/><\/a><\/p>\n<p>Vauvan s\u00e4ngyksi valikoitui <strong>pieni pinnas\u00e4nky<\/strong>, jossa h\u00e4n ei varmasti montaa kuukautta nuku. Ajattelin t\u00e4m\u00e4n niin, ett\u00e4 sitten kun on aika siirty\u00e4 omaan huoneeseen, niin s\u00e4nkykin isonee siin\u00e4 kohtaa. En tied\u00e4 enk\u00e4 halua edes ottaa kantaa miss\u00e4 vaiheessa lapsen kuitenkaan tulee siirty\u00e4 omaan huoneeseen tai omaan s\u00e4nkyyn. Poika saattaa siirty\u00e4 jo ensimm\u00e4isen vuoden j\u00e4lkeen omaan huoneeseen tai sitten kun yl\u00e4aste alkaa. N\u00e4ist\u00e4 asioista n\u00e4kyy olevan aina keskustelua ja jyrkki\u00e4 mielipiteit\u00e4, mutta uskon, ett\u00e4 jokaiselle lapselle juuri siell\u00e4 omassa kotona oleva versio on h\u00e4nelle paras, on se sitten mik\u00e4 tahansa.<\/p>\n<p><a rel=\"nofollow\" href=\"http:\/\/d3vsgec5pd3juy.cloudfront.net\/wp-content-new\/uploads\/sites\/8\/2016\/04\/img_4012_fotor.jpg\"><img decoding=\"async\" loading=\"lazy\" class=\"alignnone size-full wp-image-1438\" src=\"http:\/\/d3vsgec5pd3juy.cloudfront.net\/wp-content-new\/uploads\/sites\/8\/2016\/04\/img_4012_fotor.jpg\" alt=\"IMG_4012_Fotor\" width=\"900\" height=\"600\" srcset=\"https:\/\/blogit-cdn.a-lehdet.fi\/uploads\/sites\/81\/2016\/04\/img_4012_fotor.jpg 900w, https:\/\/blogit-cdn.a-lehdet.fi\/uploads\/sites\/81\/2016\/04\/img_4012_fotor-300x200.jpg 300w, https:\/\/blogit-cdn.a-lehdet.fi\/uploads\/sites\/81\/2016\/04\/img_4012_fotor-768x512.jpg 768w, https:\/\/blogit-cdn.a-lehdet.fi\/uploads\/sites\/81\/2016\/04\/img_4012_fotor-400x267.jpg 400w\" sizes=\"(max-width: 900px) 100vw, 900px\" \/><\/a><a rel=\"nofollow\" href=\"http:\/\/d3vsgec5pd3juy.cloudfront.net\/wp-content-new\/uploads\/sites\/8\/2016\/04\/img_4014_fotor.jpg\"><img decoding=\"async\" loading=\"lazy\" class=\"alignnone size-full wp-image-1442\" src=\"http:\/\/d3vsgec5pd3juy.cloudfront.net\/wp-content-new\/uploads\/sites\/8\/2016\/04\/img_4014_fotor.jpg\" alt=\"IMG_4014_Fotor\" width=\"900\" height=\"600\" srcset=\"https:\/\/blogit-cdn.a-lehdet.fi\/uploads\/sites\/81\/2016\/04\/img_4014_fotor.jpg 900w, https:\/\/blogit-cdn.a-lehdet.fi\/uploads\/sites\/81\/2016\/04\/img_4014_fotor-300x200.jpg 300w, https:\/\/blogit-cdn.a-lehdet.fi\/uploads\/sites\/81\/2016\/04\/img_4014_fotor-768x512.jpg 768w, https:\/\/blogit-cdn.a-lehdet.fi\/uploads\/sites\/81\/2016\/04\/img_4014_fotor-400x267.jpg 400w\" sizes=\"(max-width: 900px) 100vw, 900px\" \/><\/a><\/p>\n<p>Pienen pinnas\u00e4ngyn saa sohvaksi k\u00e4yt\u00f6n j\u00e4lkeen, jolloin sen k\u00e4ytt\u00f6ik\u00e4 on pitk\u00e4. Imetys on seuraava asia, johon alan paneutua ja ottaa selv\u00e4\u00e4. Siit\u00e4 en tied\u00e4 yht\u00e4\u00e4n mit\u00e4\u00e4n muuta kun sen, ett\u00e4 yst\u00e4v\u00e4ni Minna kertoi babyshowereilla seuraavaa: <em>&#8220;Se imetys sitten sattuu aluksi ihan hulluna. M\u00e4 ihmettelin, miksei kukaan sit\u00e4 mulle ollut kertonut etuk\u00e4teen!&#8221;\u00a0<\/em><\/p>\n<p style=\"text-align: center\">N\u00e4ist\u00e4 l\u00e4ht\u00f6kohdista l\u00e4hden ottamaan imetyksest\u00e4 enemm\u00e4n selv\u00e4\u00e4 ja pakkaamaan sit\u00e4 viel\u00e4 minulle tuntematonta\u00a0sairaalalaukkua.<\/p>\n<p style=\"text-align: center\">-Nanna<\/p>\n<p>&nbsp;<\/p>\n<p>&nbsp;<\/p>\n<p>&nbsp;<\/p>\n","protected":false},"excerpt":{"rendered":"<p>Tekstiili-imuri oli juuri tunnin k\u00e4dess\u00e4ni, kun pesin vanhoja mattoja. Samalla mietin onkohan&hellip;<\/p>\n","protected":false},"author":102,"featured_media":0,"comment_status":"open","ping_status":"open","sticky":false,"template":"","format":"standard","meta":{"footnotes":""},"categories":[1],"tags":[],"acf":[],"platta":{"numLikes":0,"numComments":240,"category":null,"themes":[],"commercial_partner":null,"thumbnail":"http:\/\/d3vsgec5pd3juy.cloudfront.net\/wp-content-new\/uploads\/sites\/8\/2016\/04\/img_4026_fotor.jpg","blog_id":81},"jetpack_featured_media_url":"","_links":{"self":[{"href":"https:\/\/blogit.terve.fi\/nannakaralahti\/api\/wp\/v2\/posts\/1436"}],"collection":[{"href":"https:\/\/blogit.terve.fi\/nannakaralahti\/api\/wp\/v2\/posts"}],"about":[{"href":"https:\/\/blogit.terve.fi\/nannakaralahti\/api\/wp\/v2\/types\/post"}],"author":[{"embeddable":true,"href":"https:\/\/blogit.terve.fi\/nannakaralahti\/api\/wp\/v2\/users\/102"}],"replies":[{"embeddable":true,"href":"https:\/\/blogit.terve.fi\/nannakaralahti\/api\/wp\/v2\/comments?post=1436"}],"version-history":[{"count":2,"href":"https:\/\/blogit.terve.fi\/nannakaralahti\/api\/wp\/v2\/posts\/1436\/revisions"}],"predecessor-version":[{"id":1444,"href":"https:\/\/blogit.terve.fi\/nannakaralahti\/api\/wp\/v2\/posts\/1436\/revisions\/1444"}],"wp:attachment":[{"href":"https:\/\/blogit.terve.fi\/nannakaralahti\/api\/wp\/v2\/media?parent=1436"}],"wp:term":[{"taxonomy":"category","embeddable":true,"href":"https:\/\/blogit.terve.fi\/nannakaralahti\/api\/wp\/v2\/categories?post=1436"},{"taxonomy":"post_tag","embeddable":true,"href":"https:\/\/blogit.terve.fi\/nannakaralahti\/api\/wp\/v2\/tags?post=1436"}],"curies":[{"name":"wp","href":"https:\/\/api.w.org\/{rel}","templated":true}]}}