{"id":4842,"date":"2019-01-12T19:32:02","date_gmt":"2019-01-12T17:32:02","guid":{"rendered":"http:\/\/blogit.terve.fi\/kirsinkuntopiiri\/?p=4842"},"modified":"2019-01-12T19:32:02","modified_gmt":"2019-01-12T17:32:02","slug":"retkivinkki-muuratsalon-paljaspaa-tarjoaa-upean-paijanne-maiseman","status":"publish","type":"post","link":"https:\/\/blogit.terve.fi\/kirsinkuntopiiri\/retkivinkki-muuratsalon-paljaspaa-tarjoaa-upean-paijanne-maiseman\/","title":{"rendered":"Retkivinkki: Muuratsalon Paljasp\u00e4\u00e4 tarjoaa upean P\u00e4ij\u00e4nne-maiseman"},"content":{"rendered":"<p><strong>Miten ihanan aurinkoinen keli olikaan t\u00e4n\u00e4\u00e4n<\/strong>, ja p\u00e4\u00e4timmekin suunnata ulos ihailemaan lumisia maisemia.<\/p>\n<p><img decoding=\"async\" loading=\"lazy\" class=\"alignnone size-full wp-image-4850\" src=\"https:\/\/blogit-cdn.a-lehdet.fi\/uploads\/sites\/111\/2019\/01\/paljaspaa-muuratsalo-8.jpg\" alt=\"\" width=\"922\" height=\"691\" srcset=\"https:\/\/blogit-cdn.a-lehdet.fi\/uploads\/sites\/111\/2019\/01\/paljaspaa-muuratsalo-8.jpg 922w, https:\/\/blogit-cdn.a-lehdet.fi\/uploads\/sites\/111\/2019\/01\/paljaspaa-muuratsalo-8-300x225.jpg 300w, https:\/\/blogit-cdn.a-lehdet.fi\/uploads\/sites\/111\/2019\/01\/paljaspaa-muuratsalo-8-768x576.jpg 768w\" sizes=\"(max-width: 922px) 100vw, 922px\" \/><\/p>\n<p>Toivun parhaillani flunssasta, joten pitk\u00e4lle patikoinnille en jaksanut viel\u00e4 l\u00e4hte\u00e4. Mieleeni putkahti Paljasp\u00e4\u00e4n kalliom\u00e4ki Muuratsalossa. Olemme kerran aikaisemmin k\u00e4yneet siell\u00e4 kes\u00e4aikaan ja muistelin, ett\u00e4 kes\u00e4ll\u00e4 maisema oli ainakin huikea. Lis\u00e4ksi reitti kukkulan p\u00e4\u00e4lle on helppo ja nopea ja matkaa n\u00e4k\u00f6alapaikalle on autopaikalta vain muutama sata metri\u00e4. Sinne siis!<\/p>\n<p>Suuntasimme autolla Muuratsalon saareen, noin 20 km p\u00e4\u00e4h\u00e4n Jyv\u00e4skyl\u00e4st\u00e4. \u00a0Vaikka Muuratsalo on saari, p\u00e4\u00e4see sinne autolla tiet\u00e4 pitkin. Matka S\u00e4yn\u00e4tsalon ja Lehtisaaren halki on jo sin\u00e4ns\u00e4 maisemiltaan upea, ja Muuratsaloa ymp\u00e4r\u00f6iv\u00e4t kauniit P\u00e4ij\u00e4nne-maisemat. Muuratsalo olisi unelmapaikkani asua! Ajelimme Muuratsalon Vuorelantien p\u00e4\u00e4ss\u00e4 olevalle k\u00e4\u00e4nt\u00f6paikalle, johon auton saa hyvin parkkiin k\u00e4\u00e4nt\u00f6paikan reunalle, jos paikalla ei ole useita muita autoja. \u00a0Meill\u00e4 on molemmilla kerroilla ollut sen suhteen hyv\u00e4 tuuri, ettei muita autoja ole ollut. Polku kohti Paljasp\u00e4\u00e4t\u00e4 l\u00e4htee my\u00f6s t\u00e4lt\u00e4 samaiselta k\u00e4\u00e4nt\u00f6paikalta.<\/p>\n<figure id=\"attachment_4843\" aria-describedby=\"caption-attachment-4843\" style=\"width: 691px\" class=\"wp-caption alignnone\"><img decoding=\"async\" loading=\"lazy\" class=\"wp-image-4843 size-full\" src=\"https:\/\/blogit-cdn.a-lehdet.fi\/uploads\/sites\/111\/2019\/01\/paljaspaa-muuratsalo-1.jpg\" alt=\"\" width=\"691\" height=\"922\" srcset=\"https:\/\/blogit-cdn.a-lehdet.fi\/uploads\/sites\/111\/2019\/01\/paljaspaa-muuratsalo-1.jpg 691w, https:\/\/blogit-cdn.a-lehdet.fi\/uploads\/sites\/111\/2019\/01\/paljaspaa-muuratsalo-1-225x300.jpg 225w\" sizes=\"(max-width: 691px) 100vw, 691px\" \/><figcaption id=\"caption-attachment-4843\" class=\"wp-caption-text\">Polku Paljasp\u00e4\u00e4lle l\u00e4htee Vuorelantien p\u00e4\u00e4st\u00e4.<\/figcaption><\/figure>\n<p>Viitta opastaa polulle, mutta sen j\u00e4lkeen merkkej\u00e4 ei n\u00e4y. Kun saavut polulta hieman isommalle tielle, \u00e4l\u00e4 l\u00e4hde seuraamaan sit\u00e4, vaan k\u00e4\u00e4nny vasemmalle yl\u00f6sp\u00e4in viev\u00e4lle polulle. T\u00e4m\u00e4 polku vie sinut suoraan Paljasp\u00e4\u00e4n huipulle.<\/p>\n<p><img decoding=\"async\" loading=\"lazy\" class=\"alignnone size-full wp-image-4844\" src=\"https:\/\/blogit-cdn.a-lehdet.fi\/uploads\/sites\/111\/2019\/01\/paljaspaa-muuratsalo-2.jpg\" alt=\"\" width=\"691\" height=\"922\" srcset=\"https:\/\/blogit-cdn.a-lehdet.fi\/uploads\/sites\/111\/2019\/01\/paljaspaa-muuratsalo-2.jpg 691w, https:\/\/blogit-cdn.a-lehdet.fi\/uploads\/sites\/111\/2019\/01\/paljaspaa-muuratsalo-2-225x300.jpg 225w\" sizes=\"(max-width: 691px) 100vw, 691px\" \/><\/p>\n<p>Polku oli mukavasti jo valmiiksi tallattu, ja k\u00e4velimme Paljasp\u00e4\u00e4n huipulle muutamassa minuutissa. Ylh\u00e4\u00e4ll\u00e4 meit\u00e4 odottivat jopa upeammat maisemat kuin mit\u00e4 muistin.<\/p>\n<p><img decoding=\"async\" loading=\"lazy\" class=\"alignnone size-full wp-image-4849\" src=\"https:\/\/blogit-cdn.a-lehdet.fi\/uploads\/sites\/111\/2019\/01\/paljaspaa-muuratsalo-7.jpg\" alt=\"\" width=\"758\" height=\"374\" srcset=\"https:\/\/blogit-cdn.a-lehdet.fi\/uploads\/sites\/111\/2019\/01\/paljaspaa-muuratsalo-7.jpg 758w, https:\/\/blogit-cdn.a-lehdet.fi\/uploads\/sites\/111\/2019\/01\/paljaspaa-muuratsalo-7-300x148.jpg 300w\" sizes=\"(max-width: 758px) 100vw, 758px\" \/><\/p>\n<figure id=\"attachment_4845\" aria-describedby=\"caption-attachment-4845\" style=\"width: 922px\" class=\"wp-caption alignnone\"><img decoding=\"async\" loading=\"lazy\" class=\"wp-image-4845 size-full\" src=\"https:\/\/blogit-cdn.a-lehdet.fi\/uploads\/sites\/111\/2019\/01\/paljaspaa-muuratsalo-3.jpg\" alt=\"\" width=\"922\" height=\"691\" srcset=\"https:\/\/blogit-cdn.a-lehdet.fi\/uploads\/sites\/111\/2019\/01\/paljaspaa-muuratsalo-3.jpg 922w, https:\/\/blogit-cdn.a-lehdet.fi\/uploads\/sites\/111\/2019\/01\/paljaspaa-muuratsalo-3-300x225.jpg 300w, https:\/\/blogit-cdn.a-lehdet.fi\/uploads\/sites\/111\/2019\/01\/paljaspaa-muuratsalo-3-768x576.jpg 768w\" sizes=\"(max-width: 922px) 100vw, 922px\" \/><figcaption id=\"caption-attachment-4845\" class=\"wp-caption-text\">Paljasp\u00e4\u00e4n kalliom\u00e4elt\u00e4 on upea n\u00e4k\u00f6ala 60-70 metri\u00e4 alemmas P\u00e4ij\u00e4nteen Hauhonsel\u00e4lle.<\/figcaption><\/figure>\n<figure id=\"attachment_4846\" aria-describedby=\"caption-attachment-4846\" style=\"width: 922px\" class=\"wp-caption alignnone\"><img decoding=\"async\" loading=\"lazy\" class=\"size-full wp-image-4846\" src=\"https:\/\/blogit-cdn.a-lehdet.fi\/uploads\/sites\/111\/2019\/01\/paljaspaa-muuratsalo-4.jpg\" alt=\"\" width=\"922\" height=\"691\" srcset=\"https:\/\/blogit-cdn.a-lehdet.fi\/uploads\/sites\/111\/2019\/01\/paljaspaa-muuratsalo-4.jpg 922w, https:\/\/blogit-cdn.a-lehdet.fi\/uploads\/sites\/111\/2019\/01\/paljaspaa-muuratsalo-4-300x225.jpg 300w, https:\/\/blogit-cdn.a-lehdet.fi\/uploads\/sites\/111\/2019\/01\/paljaspaa-muuratsalo-4-768x576.jpg 768w\" sizes=\"(max-width: 922px) 100vw, 922px\" \/><figcaption id=\"caption-attachment-4846\" class=\"wp-caption-text\">Muuratsalossa on paljon siirtolohkareita, ja lukemani mukaan saarella sijaitseekin yksi Suomen suurimmista siirtolohkareista.<\/figcaption><\/figure>\n<p>&nbsp;<\/p>\n<p>Kuvien n\u00e4psimisen j\u00e4lkeen tallustelimme viel\u00e4 hetken Paljasp\u00e4\u00e4t\u00e4 ymp\u00e4r\u00f6ivill\u00e4 poluilla.<\/p>\n<p><img decoding=\"async\" loading=\"lazy\" class=\"alignnone size-full wp-image-4851\" src=\"https:\/\/blogit-cdn.a-lehdet.fi\/uploads\/sites\/111\/2019\/01\/paljaspaa-muuratsalo-9.jpg\" alt=\"\" width=\"691\" height=\"922\" srcset=\"https:\/\/blogit-cdn.a-lehdet.fi\/uploads\/sites\/111\/2019\/01\/paljaspaa-muuratsalo-9.jpg 691w, https:\/\/blogit-cdn.a-lehdet.fi\/uploads\/sites\/111\/2019\/01\/paljaspaa-muuratsalo-9-225x300.jpg 225w\" sizes=\"(max-width: 691px) 100vw, 691px\" \/><\/p>\n<p>Yritimme seurata alueella joskus mennytt\u00e4 parin kilometrin mittaista luontopolkua, mutta sen yll\u00e4pit\u00e4minen on lopetettu, joten merkinn\u00e4t olivat harvassa, emmek\u00e4 onnistuneet kiert\u00e4m\u00e4\u00e4n polkua kokonaisuudessaan. Sama juttu k\u00e4vi meille viimeksi, kun tallustelimme polkua pitkin <a href=\"https:\/\/blogit.terve.fi\/kirsinkuntopiiri\/testissa-jyvaskylan-liikuntapuistot-osa-4-saynatsalon-urheilukentta\/\" target=\"_blank\" rel=\"noopener\">pari vuotta sitten kes\u00e4ll\u00e4<\/a>. \ud83d\ude09<\/p>\n<p>Itse Paljasp\u00e4\u00e4n huipulle on kuitenkin helppo l\u00f6yt\u00e4\u00e4, ja takaisin voi tulla samaa reitti\u00e4. Reitti on helppokulkuinen niin kes\u00e4ll\u00e4 kuin talvella, eik\u00e4 sen erikoisempia retkivarusteita tarvita. My\u00f6s lapset jaksavat varmasti tallailla t\u00e4m\u00e4n lyhyen matkan. Tutustumisen arvoinen retkikohde siis l\u00e4hes kaikille! \ud83d\ude42<\/p>\n<figure id=\"attachment_4852\" aria-describedby=\"caption-attachment-4852\" style=\"width: 691px\" class=\"wp-caption alignnone\"><img decoding=\"async\" loading=\"lazy\" class=\"size-full wp-image-4852\" src=\"https:\/\/blogit-cdn.a-lehdet.fi\/uploads\/sites\/111\/2019\/01\/paljaspaa-muuratsalo-10.jpg\" alt=\"\" width=\"691\" height=\"922\" srcset=\"https:\/\/blogit-cdn.a-lehdet.fi\/uploads\/sites\/111\/2019\/01\/paljaspaa-muuratsalo-10.jpg 691w, https:\/\/blogit-cdn.a-lehdet.fi\/uploads\/sites\/111\/2019\/01\/paljaspaa-muuratsalo-10-225x300.jpg 225w\" sizes=\"(max-width: 691px) 100vw, 691px\" \/><figcaption id=\"caption-attachment-4852\" class=\"wp-caption-text\">Mik\u00e4 ihana talvi!<\/figcaption><\/figure>\n<p>Retkiterkuin, Kirsi<\/p>\n","protected":false},"excerpt":{"rendered":"<p>Miten ihanan aurinkoinen keli olikaan t\u00e4n\u00e4\u00e4n, ja p\u00e4\u00e4timmekin suunnata ulos ihailemaan lumisia&hellip;<\/p>\n","protected":false},"author":145,"featured_media":4845,"comment_status":"open","ping_status":"closed","sticky":false,"template":"","format":"standard","meta":{"footnotes":""},"categories":[1574,212],"tags":[1070,1576,1141,1575,1577],"acf":[],"platta":{"numLikes":1,"numComments":0,"category":"treeni-ja-ravinto","themes":["palautuminen","elamantapa"],"commercial_partner":null,"thumbnail":"https:\/\/blogit-cdn.a-lehdet.fi\/uploads\/sites\/111\/2019\/01\/paljaspaa-muuratsalo-3.jpg","blog_id":111},"jetpack_featured_media_url":"https:\/\/blogit-cdn.a-lehdet.fi\/uploads\/sites\/111\/2019\/01\/paljaspaa-muuratsalo-3.jpg","_links":{"self":[{"href":"https:\/\/blogit.terve.fi\/kirsinkuntopiiri\/api\/wp\/v2\/posts\/4842"}],"collection":[{"href":"https:\/\/blogit.terve.fi\/kirsinkuntopiiri\/api\/wp\/v2\/posts"}],"about":[{"href":"https:\/\/blogit.terve.fi\/kirsinkuntopiiri\/api\/wp\/v2\/types\/post"}],"author":[{"embeddable":true,"href":"https:\/\/blogit.terve.fi\/kirsinkuntopiiri\/api\/wp\/v2\/users\/145"}],"replies":[{"embeddable":true,"href":"https:\/\/blogit.terve.fi\/kirsinkuntopiiri\/api\/wp\/v2\/comments?post=4842"}],"version-history":[{"count":2,"href":"https:\/\/blogit.terve.fi\/kirsinkuntopiiri\/api\/wp\/v2\/posts\/4842\/revisions"}],"predecessor-version":[{"id":4854,"href":"https:\/\/blogit.terve.fi\/kirsinkuntopiiri\/api\/wp\/v2\/posts\/4842\/revisions\/4854"}],"wp:featuredmedia":[{"embeddable":true,"href":"https:\/\/blogit.terve.fi\/kirsinkuntopiiri\/api\/wp\/v2\/media\/4845"}],"wp:attachment":[{"href":"https:\/\/blogit.terve.fi\/kirsinkuntopiiri\/api\/wp\/v2\/media?parent=4842"}],"wp:term":[{"taxonomy":"category","embeddable":true,"href":"https:\/\/blogit.terve.fi\/kirsinkuntopiiri\/api\/wp\/v2\/categories?post=4842"},{"taxonomy":"post_tag","embeddable":true,"href":"https:\/\/blogit.terve.fi\/kirsinkuntopiiri\/api\/wp\/v2\/tags?post=4842"}],"curies":[{"name":"wp","href":"https:\/\/api.w.org\/{rel}","templated":true}]}}