{"id":4715,"date":"2018-12-05T11:22:16","date_gmt":"2018-12-05T09:22:16","guid":{"rendered":"http:\/\/blogit.terve.fi\/kirsinkuntopiiri\/?p=4715"},"modified":"2018-12-05T11:22:16","modified_gmt":"2018-12-05T09:22:16","slug":"minun-suomeni-mita-arvostan-suomessa","status":"publish","type":"post","link":"https:\/\/blogit.terve.fi\/kirsinkuntopiiri\/minun-suomeni-mita-arvostan-suomessa\/","title":{"rendered":"Minun Suomeni \/ Mit\u00e4 arvostan Suomessa?"},"content":{"rendered":"<p>Hei!<\/p>\n<p>K\u00e4velin toissa viikolla t\u00f6ist\u00e4 kotiin. Ulkona oli jo pime\u00e4\u00e4, ja valitsin rauhallisen rantareitin, jonka varrella sain k\u00e4vell\u00e4 yksikseni. Ajattelin k\u00e4velless\u00e4ni, miten mahtavaa on, ett\u00e4 Suomessa voi liikkua pime\u00e4ll\u00e4 yksin. Se on aika harvassa maassa mahdollista.<\/p>\n<p>K\u00e4rsin usein kaukokaipuusta. Olen asunut p\u00e4tki\u00e4 ulkomailla ja haluan n\u00e4hd\u00e4 maailmaa. Joskus taannoin haaveilin el\u00e4misest\u00e4 ulkomailla. Sen haaveen olen kuitenkin haudannut. Suomessa minun on hyv\u00e4 olla.<\/p>\n<p>Ehk\u00e4 se, ett\u00e4 Suomi t\u00e4ytti vuosi sitten 100 vuotta, on saanut minut ajattelemaan useamman kerran viimeisen vuoden aikana sit\u00e4, mit\u00e4 kaikkea arvostan Suomessa. Olen my\u00f6s pohtinut sit\u00e4, millaisena haluaisin minun Suomeni n\u00e4hd\u00e4 tulevaisuudessa.<\/p>\n<figure id=\"attachment_4719\" aria-describedby=\"caption-attachment-4719\" style=\"width: 634px\" class=\"wp-caption alignnone\"><img decoding=\"async\" loading=\"lazy\" class=\"size-full wp-image-4719\" src=\"https:\/\/blogit-cdn.a-lehdet.fi\/uploads\/sites\/111\/2018\/12\/talvi.jpg\" alt=\"\" width=\"634\" height=\"950\" srcset=\"https:\/\/blogit-cdn.a-lehdet.fi\/uploads\/sites\/111\/2018\/12\/talvi.jpg 634w, https:\/\/blogit-cdn.a-lehdet.fi\/uploads\/sites\/111\/2018\/12\/talvi-200x300.jpg 200w\" sizes=\"(max-width: 634px) 100vw, 634px\" \/><figcaption id=\"caption-attachment-4719\" class=\"wp-caption-text\">Suomen ihana talvi!<\/figcaption><\/figure>\n<p>&nbsp;<\/p>\n<h4><strong>Arvostan Suomessa:<\/strong><\/h4>\n<ul>\n<li>Arvostan demokratiaa. Kunnioitan t\u00e4t\u00e4 ja pid\u00e4n velvollisuutenani \u00e4\u00e4nest\u00e4\u00e4 vaaleissa.<\/li>\n<li>Arvostan sananvapautta.<\/li>\n<li>Arvostan sit\u00e4 hyvinvointiyhteiskuntaa, mik\u00e4 t\u00e4nne on rakennettu. Arvostan sit\u00e4, ett\u00e4 t\u00e4\u00e4ll\u00e4 pidet\u00e4\u00e4n kaikista huolta.<\/li>\n<li>Arvostan turvallisuutta. Voin liikkua pime\u00e4ll\u00e4 yksin, eik\u00e4 tarvitse pel\u00e4t\u00e4 maanj\u00e4ristyksi\u00e4, tsunameja ja hurrikaaneja.<\/li>\n<li>Arvostan pyrkimyst\u00e4 tasa-arvoisuuteen.<\/li>\n<li>Arvostan kaikille tarjottavaa koulutusta. On upeaa, ett\u00e4 t\u00e4\u00e4ll\u00e4 korkeakoulutus on mahdollista kaikille.<\/li>\n<li>Arvostan Suomen luontoa ja rakastan kaikkia vuodenaikoja.<\/li>\n<\/ul>\n<p>&nbsp;<\/p>\n<figure id=\"attachment_4716\" aria-describedby=\"caption-attachment-4716\" style=\"width: 979px\" class=\"wp-caption alignnone\"><img decoding=\"async\" loading=\"lazy\" class=\"size-full wp-image-4716\" src=\"https:\/\/blogit-cdn.a-lehdet.fi\/uploads\/sites\/111\/2018\/12\/kesa.jpg\" alt=\"\" width=\"979\" height=\"551\" srcset=\"https:\/\/blogit-cdn.a-lehdet.fi\/uploads\/sites\/111\/2018\/12\/kesa.jpg 979w, https:\/\/blogit-cdn.a-lehdet.fi\/uploads\/sites\/111\/2018\/12\/kesa-300x169.jpg 300w, https:\/\/blogit-cdn.a-lehdet.fi\/uploads\/sites\/111\/2018\/12\/kesa-768x432.jpg 768w\" sizes=\"(max-width: 979px) 100vw, 979px\" \/><figcaption id=\"caption-attachment-4716\" class=\"wp-caption-text\">Suomen ihana kes\u00e4!<\/figcaption><\/figure>\n<p>&nbsp;<\/p>\n<h4><strong>Toivoisin, ett\u00e4 tulevaisuudessa minun Suomeni:<\/strong><\/h4>\n<ul>\n<li>On suvaitsevainen ja empaattinen. Sanotaan ei vihapuheelle, syrjinn\u00e4lle ja rasismille.<\/li>\n<li>Huolehtii edelleen kaikkien hyvinvoinnista, koulutuksesta ja terveydenhuollosta.<\/li>\n<li>Arvostaa luontoa, mets\u00e4\u00e4 ja vesist\u00f6j\u00e4, puhdasta ilmaa ja tekee ekologisia valintoja.<\/li>\n<\/ul>\n<p>&nbsp;<\/p>\n<figure id=\"attachment_4717\" aria-describedby=\"caption-attachment-4717\" style=\"width: 950px\" class=\"wp-caption alignnone\"><img decoding=\"async\" loading=\"lazy\" class=\"size-full wp-image-4717\" src=\"https:\/\/blogit-cdn.a-lehdet.fi\/uploads\/sites\/111\/2018\/12\/kevat.jpg\" alt=\"\" width=\"950\" height=\"634\" srcset=\"https:\/\/blogit-cdn.a-lehdet.fi\/uploads\/sites\/111\/2018\/12\/kevat.jpg 950w, https:\/\/blogit-cdn.a-lehdet.fi\/uploads\/sites\/111\/2018\/12\/kevat-300x200.jpg 300w, https:\/\/blogit-cdn.a-lehdet.fi\/uploads\/sites\/111\/2018\/12\/kevat-768x513.jpg 768w\" sizes=\"(max-width: 950px) 100vw, 950px\" \/><figcaption id=\"caption-attachment-4717\" class=\"wp-caption-text\">Suomen ihana kev\u00e4t!<\/figcaption><\/figure>\n<p>&nbsp;<\/p>\n<p>Olen kiitollinen siit\u00e4, ett\u00e4 olen saanut synty\u00e4 Suomeen.<\/p>\n<p>Onnea 101-vuotiaalle Suomelle!<\/p>\n<p>&nbsp;<\/p>\n<p><strong><em>Mit\u00e4 sin\u00e4 arvostat Suomessa? Ent\u00e4 millaisena haluaisit n\u00e4hd\u00e4 Suomen tulevaisuudessa?<\/em><\/strong><\/p>\n<p>&nbsp;<\/p>\n<figure id=\"attachment_4718\" aria-describedby=\"caption-attachment-4718\" style=\"width: 922px\" class=\"wp-caption alignnone\"><img decoding=\"async\" loading=\"lazy\" class=\"size-full wp-image-4718\" src=\"https:\/\/blogit-cdn.a-lehdet.fi\/uploads\/sites\/111\/2018\/12\/syksy.jpg\" alt=\"\" width=\"922\" height=\"691\" srcset=\"https:\/\/blogit-cdn.a-lehdet.fi\/uploads\/sites\/111\/2018\/12\/syksy.jpg 922w, https:\/\/blogit-cdn.a-lehdet.fi\/uploads\/sites\/111\/2018\/12\/syksy-300x225.jpg 300w, https:\/\/blogit-cdn.a-lehdet.fi\/uploads\/sites\/111\/2018\/12\/syksy-768x576.jpg 768w\" sizes=\"(max-width: 922px) 100vw, 922px\" \/><figcaption id=\"caption-attachment-4718\" class=\"wp-caption-text\">Suomen ihana syksy!<\/figcaption><\/figure>\n<p>&nbsp;<\/p>\n<p>My\u00f6s Monna jakaa <a href=\"https:\/\/blogit.terve.fi\/monna\/miksi-on-hienoa-olla-suomalainen\/\" target=\"_blank\" rel=\"noopener\">blogitekstiss\u00e4\u00e4n<\/a> paljon samanlaisia ajatuksia. Ja ei, en matkinut Monnaa. \ud83d\ude00 Blogitekstini oli jo valmiina odottamassa t\u00e4m\u00e4n p\u00e4iv\u00e4ist\u00e4 julkaisua, mutta Monna ehti ensin! \ud83d\ude42 Hauskaa huomata, ett\u00e4 arvostamme samanlaisia asioita. \ud83d\ude42<\/p>\n<p>&nbsp;<\/p>\n<p>Hyv\u00e4\u00e4 itsen\u00e4isyysp\u00e4iv\u00e4\u00e4!<\/p>\n<p>Terkuin, Kirsi<\/p>\n<p>&nbsp;<\/p>\n","protected":false},"excerpt":{"rendered":"<p>Hei! K\u00e4velin toissa viikolla t\u00f6ist\u00e4 kotiin. Ulkona oli jo pime\u00e4\u00e4, ja valitsin&hellip;<\/p>\n","protected":false},"author":145,"featured_media":4716,"comment_status":"open","ping_status":"closed","sticky":false,"template":"","format":"standard","meta":{"footnotes":""},"categories":[1541,1],"tags":[1542],"acf":[],"platta":{"numLikes":1,"numComments":0,"category":"hyvinvointi","themes":["onnellisuus"],"commercial_partner":null,"thumbnail":"https:\/\/blogit-cdn.a-lehdet.fi\/uploads\/sites\/111\/2018\/12\/kesa.jpg","blog_id":111},"jetpack_featured_media_url":"https:\/\/blogit-cdn.a-lehdet.fi\/uploads\/sites\/111\/2018\/12\/kesa.jpg","_links":{"self":[{"href":"https:\/\/blogit.terve.fi\/kirsinkuntopiiri\/api\/wp\/v2\/posts\/4715"}],"collection":[{"href":"https:\/\/blogit.terve.fi\/kirsinkuntopiiri\/api\/wp\/v2\/posts"}],"about":[{"href":"https:\/\/blogit.terve.fi\/kirsinkuntopiiri\/api\/wp\/v2\/types\/post"}],"author":[{"embeddable":true,"href":"https:\/\/blogit.terve.fi\/kirsinkuntopiiri\/api\/wp\/v2\/users\/145"}],"replies":[{"embeddable":true,"href":"https:\/\/blogit.terve.fi\/kirsinkuntopiiri\/api\/wp\/v2\/comments?post=4715"}],"version-history":[{"count":3,"href":"https:\/\/blogit.terve.fi\/kirsinkuntopiiri\/api\/wp\/v2\/posts\/4715\/revisions"}],"predecessor-version":[{"id":4722,"href":"https:\/\/blogit.terve.fi\/kirsinkuntopiiri\/api\/wp\/v2\/posts\/4715\/revisions\/4722"}],"wp:featuredmedia":[{"embeddable":true,"href":"https:\/\/blogit.terve.fi\/kirsinkuntopiiri\/api\/wp\/v2\/media\/4716"}],"wp:attachment":[{"href":"https:\/\/blogit.terve.fi\/kirsinkuntopiiri\/api\/wp\/v2\/media?parent=4715"}],"wp:term":[{"taxonomy":"category","embeddable":true,"href":"https:\/\/blogit.terve.fi\/kirsinkuntopiiri\/api\/wp\/v2\/categories?post=4715"},{"taxonomy":"post_tag","embeddable":true,"href":"https:\/\/blogit.terve.fi\/kirsinkuntopiiri\/api\/wp\/v2\/tags?post=4715"}],"curies":[{"name":"wp","href":"https:\/\/api.w.org\/{rel}","templated":true}]}}