{"id":1952,"date":"2013-10-02T22:25:00","date_gmt":"2013-10-02T19:25:00","guid":{"rendered":"http:\/\/anna.fi\/inspirations\/2013\/10\/02\/lempiasusteena-diy-huivi\/"},"modified":"2013-10-02T22:25:00","modified_gmt":"2013-10-02T19:25:00","slug":"lempiasusteena-diy-huivi","status":"publish","type":"post","link":"https:\/\/blogit.terve.fi\/inspirations\/lempiasusteena-diy-huivi\/","title":{"rendered":"Lempiasusteena DIY-huivi"},"content":{"rendered":"<p><\/p>\n<div style=\"clear: both;text-align: center\"><a rel=\"nofollow\" href=\"http:\/\/1.bp.blogspot.com\/-_qT08J450PE\/UkxnPxnYXlI\/AAAAAAAABYc\/BnVnrln-RsA\/s1600\/IMG_0446.JPG\" style=\"clear: left;float: left;margin-bottom: 1em;margin-right: 1em\"><img decoding=\"async\" loading=\"lazy\" border=\"0\" height=\"640\" src=\"https:\/\/1.bp.blogspot.com\/-_qT08J450PE\/UkxnPxnYXlI\/AAAAAAAABYc\/BnVnrln-RsA\/s640\/IMG_0446.JPG\" width=\"426\" \/><\/a><\/div>\n<div style=\"clear: both;text-align: justify\"><\/div>\n<div style=\"clear: both;text-align: justify\">Intoilin aamulla t\u00e4\u00e4ll\u00e4 blogissakin lokakuun alusta ja siit\u00e4, ett\u00e4 sain syksyn muutettua sis\u00e4\u00e4n vaatehuoneeseen ja kes\u00e4n ulos. Samalla ihastelin uusinta kirppisl\u00f6yt\u00f6\u00e4ni, superpehme\u00e4\u00e4 hattua.<\/div>\n<div style=\"clear: both;text-align: center\"><\/div>\n<div style=\"clear: both;text-align: center\"><\/div>\n<div style=\"clear: both;color: black;font-family: Times;font-size: medium;font-style: normal;font-variant: normal;font-weight: normal;letter-spacing: normal;line-height: normal;margin: 0px;text-align: center;text-indent: 0px\"><\/div>\n<p><\/p>\n<div style=\"clear: both;color: black;font-family: Times;font-size: medium;font-style: normal;font-variant: normal;font-weight: normal;letter-spacing: normal;line-height: normal;margin: 0px;text-align: justify;text-indent: 0px\"><a rel=\"nofollow\" href=\"http:\/\/3.bp.blogspot.com\/-Brv5jOhoYHg\/UkxrvetCFnI\/AAAAAAAABYo\/3EmXzYg-J9k\/s1600\/karvakollaasi.jpg\" style=\"clear: left;margin-bottom: 1em;margin-right: 1em;text-align: center\"><img decoding=\"async\" loading=\"lazy\" border=\"0\" height=\"522\" src=\"https:\/\/3.bp.blogspot.com\/-Brv5jOhoYHg\/UkxrvetCFnI\/AAAAAAAABYo\/3EmXzYg-J9k\/s640\/karvakollaasi.jpg\" width=\"640\" \/><\/a><\/div>\n<div style=\"clear: both;color: black;font-family: Times;font-size: medium;font-style: normal;font-variant: normal;font-weight: normal;letter-spacing: normal;line-height: normal;margin: 0px;text-align: justify;text-indent: 0px\"><\/div>\n<div style=\"clear: both;color: black;font-family: Times;font-size: medium;font-style: normal;font-variant: normal;font-weight: normal;letter-spacing: normal;line-height: normal;margin: 0px;text-align: justify;text-indent: 0px\"><\/div>\n<div style=\"clear: both;color: black;font-family: Times;font-size: medium;font-style: normal;font-variant: normal;font-weight: normal;letter-spacing: normal;line-height: normal;margin: 0px;text-align: justify;text-indent: 0px\">L\u00f6ysin sarjasta viel\u00e4 kuvia toisestakin t\u00e4m\u00e4n hetkisest\u00e4 lempiasusteestani, t\u00e4st\u00e4 yst\u00e4v\u00e4lt\u00e4 saadusta monik\u00e4ytt\u00f6isest\u00e4 DIY-kaulahuivista. Se on ep\u00e4symmetrisen kolmion muotoinen ja k\u00e4y suorana harteille laskettuna vaikka kes\u00e4ll\u00e4 hellemekon iltal\u00e4mmikkeeksi ja talvella sis\u00e4ll\u00e4kin asiallisempaan toimisto- tai ty\u00f6asuun. Silloin se l\u00e4mmitt\u00e4\u00e4 ihanasti niskaa ja hartioita ja tuntuu kuin olisin sen pehme\u00e4ss\u00e4 ja l\u00e4mpim\u00e4ss\u00e4 halauksessa. Se on unelmankevyt ja p\u00f6rhe\u00e4n pehme\u00e4, muttei kutita lainkaan.<\/div>\n<div style=\"clear: both;color: black;font-family: Times;font-size: medium;font-style: normal;font-variant: normal;font-weight: normal;letter-spacing: normal;line-height: normal;margin: 0px;text-align: justify;text-indent: 0px\"><\/div>\n<div style=\"clear: both;color: black;font-family: Times;font-size: medium;font-style: normal;font-variant: normal;font-weight: normal;letter-spacing: normal;line-height: normal;margin: 0px;text-align: justify;text-indent: 0px\"><\/div>\n<div style=\"clear: both;color: black;font-family: Times;font-size: medium;font-style: normal;font-variant: normal;font-weight: normal;letter-spacing: normal;line-height: normal;margin: 0px;text-align: justify;text-indent: 0px\"><a rel=\"nofollow\" href=\"http:\/\/4.bp.blogspot.com\/-TH5TZrGkqIs\/UkxnBstqdpI\/AAAAAAAABYM\/iuJ1bttmLh8\/s1600\/housukollaasi.jpg\" style=\"clear: left;margin-bottom: 1em;margin-right: 1em;text-align: center\"><img decoding=\"async\" loading=\"lazy\" border=\"0\" height=\"640\" src=\"https:\/\/4.bp.blogspot.com\/-TH5TZrGkqIs\/UkxnBstqdpI\/AAAAAAAABYM\/iuJ1bttmLh8\/s640\/housukollaasi.jpg\" width=\"640\" \/><\/a><\/div>\n<p><span style=\"text-align: justify\">Itse tehdyt lahjat ovat parhaita, kun tiet\u00e4\u00e4 miten paljon niiss\u00e4 on l\u00e4mpimi\u00e4 ajatuksia ja ty\u00f6t\u00e4. T\u00e4m\u00e4 yst\u00e4v\u00e4n oman designin huivi on neulottu Novitan Teddy-langasta 8 puikoilla. Vaikka v\u00e4ri on valkoinen, on lanka my\u00f6s jotenkin likaa hylkiv\u00e4n oloinen. Huivi on ollut ahkerassa k\u00e4yt\u00f6ss\u00e4 jo muutaman kuukauden ilman ensimm\u00e4ist\u00e4k\u00e4\u00e4n pesua ja se on edelleen kuin uusi.<\/span><\/p>\n<p><img decoding=\"async\" loading=\"lazy\" border=\"0\" height=\"320\" src=\"https:\/\/1.bp.blogspot.com\/-mauBsYZJJfo\/UTXUzmTtDlI\/AAAAAAAAALY\/kWM8wlVVLKY\/s640\/Kollaasi2.jpg\" width=\"640\" \/><br \/><img decoding=\"async\" loading=\"lazy\" border=\"0\" height=\"320\" src=\"https:\/\/3.bp.blogspot.com\/-hzKDn_KLNgc\/UTXUxwKWI-I\/AAAAAAAAALQ\/J9Vr2d26wt0\/s640\/Kollaasi1.jpg\" width=\"640\" \/><\/p>\n<p><\/p>\n","protected":false},"excerpt":{"rendered":"<p>Intoilin aamulla t\u00e4\u00e4ll\u00e4 blogissakin lokakuun alusta ja siit\u00e4, ett\u00e4 sain syksyn muutettua&hellip;<\/p>\n","protected":false},"author":132,"featured_media":0,"comment_status":"open","ping_status":"closed","sticky":false,"template":"","format":"standard","meta":{"footnotes":""},"categories":[41,60],"tags":[],"acf":[],"platta":{"numLikes":0,"numComments":0,"category":null,"themes":[],"commercial_partner":null,"thumbnail":"https:\/\/1.bp.blogspot.com\/-_qT08J450PE\/UkxnPxnYXlI\/AAAAAAAABYc\/BnVnrln-RsA\/s640\/IMG_0446.JPG","blog_id":96},"jetpack_featured_media_url":"","_links":{"self":[{"href":"https:\/\/blogit.terve.fi\/inspirations\/api\/wp\/v2\/posts\/1952"}],"collection":[{"href":"https:\/\/blogit.terve.fi\/inspirations\/api\/wp\/v2\/posts"}],"about":[{"href":"https:\/\/blogit.terve.fi\/inspirations\/api\/wp\/v2\/types\/post"}],"author":[{"embeddable":true,"href":"https:\/\/blogit.terve.fi\/inspirations\/api\/wp\/v2\/users\/132"}],"replies":[{"embeddable":true,"href":"https:\/\/blogit.terve.fi\/inspirations\/api\/wp\/v2\/comments?post=1952"}],"version-history":[{"count":0,"href":"https:\/\/blogit.terve.fi\/inspirations\/api\/wp\/v2\/posts\/1952\/revisions"}],"wp:attachment":[{"href":"https:\/\/blogit.terve.fi\/inspirations\/api\/wp\/v2\/media?parent=1952"}],"wp:term":[{"taxonomy":"category","embeddable":true,"href":"https:\/\/blogit.terve.fi\/inspirations\/api\/wp\/v2\/categories?post=1952"},{"taxonomy":"post_tag","embeddable":true,"href":"https:\/\/blogit.terve.fi\/inspirations\/api\/wp\/v2\/tags?post=1952"}],"curies":[{"name":"wp","href":"https:\/\/api.w.org\/{rel}","templated":true}]}}