{"id":1942,"date":"2013-10-09T08:32:00","date_gmt":"2013-10-09T05:32:00","guid":{"rendered":"http:\/\/anna.fi\/inspirations\/2013\/10\/09\/pehmeassa-asussa-syysaamuun\/"},"modified":"2013-10-09T08:32:00","modified_gmt":"2013-10-09T05:32:00","slug":"pehmeassa-asussa-syysaamuun","status":"publish","type":"post","link":"https:\/\/blogit.terve.fi\/inspirations\/pehmeassa-asussa-syysaamuun\/","title":{"rendered":"Pehme\u00e4ss\u00e4 asussa syysaamuun"},"content":{"rendered":"<div style=\"clear: both;text-align: center\"><a rel=\"nofollow\" href=\"http:\/\/3.bp.blogspot.com\/-h8U4oKX_5zY\/UlRW7VHSzlI\/AAAAAAAABg4\/m1nEE5tiijw\/s1600\/kollaasi1.jpg\" style=\"clear: left;float: left;margin-bottom: 1em;margin-right: 1em\"><img decoding=\"async\" loading=\"lazy\" border=\"0\" height=\"640\" src=\"https:\/\/3.bp.blogspot.com\/-h8U4oKX_5zY\/UlRW7VHSzlI\/AAAAAAAABg4\/m1nEE5tiijw\/s640\/kollaasi1.jpg\" width=\"640\" \/><\/a><\/div>\n<div style=\"clear: both;text-align: center\"><\/div>\n<p>Nautin t\u00e4ysill\u00e4 kauniista syysruskasta ja ihanan pehmeist\u00e4 syysasuista. Olen viihtynyt jo monena p\u00e4iv\u00e4n\u00e4 t\u00e4ss\u00e4 uudessa muhkeassa keinoturkisliiviss\u00e4. Siin\u00e4 on upea kuosi ja s\u00e4vy ja se on l\u00e4mmin, mutta kevyt.<\/p>\n<div style=\"clear: both;text-align: center\"><a rel=\"nofollow\" href=\"http:\/\/1.bp.blogspot.com\/-qad_zLeR5V0\/UlRW7NYe7VI\/AAAAAAAABg8\/9d80HBXX4wA\/s1600\/kollaasi2.jpg\" style=\"clear: left;float: left;margin-bottom: 1em;margin-right: 1em\"><img decoding=\"async\" loading=\"lazy\" border=\"0\" height=\"640\" src=\"https:\/\/1.bp.blogspot.com\/-qad_zLeR5V0\/UlRW7NYe7VI\/AAAAAAAABg8\/9d80HBXX4wA\/s640\/kollaasi2.jpg\" width=\"640\" \/><\/a><\/div>\n<p>Turkisliivi p\u00e4\u00e4si sisustamaan ty\u00f6huonettakin. Se oli tuolin selk\u00e4nojalla kuin siihen tehty kaunis pehmuste.<\/p>\n<div style=\"clear: both;text-align: center\"><a rel=\"nofollow\" href=\"http:\/\/3.bp.blogspot.com\/-SttdklYXAqk\/UlRW7E_dkhI\/AAAAAAAABg0\/y1GpKjSsg2M\/s1600\/kollaasi3.jpg\" style=\"clear: left;float: left;margin-bottom: 1em;margin-right: 1em\"><img decoding=\"async\" loading=\"lazy\" border=\"0\" height=\"640\" src=\"https:\/\/3.bp.blogspot.com\/-SttdklYXAqk\/UlRW7E_dkhI\/AAAAAAAABg0\/y1GpKjSsg2M\/s640\/kollaasi3.jpg\" width=\"640\" \/><\/a><\/div>\n<div style=\"text-align: justify\"><\/div>\n","protected":false},"excerpt":{"rendered":"<p>Nautin t\u00e4ysill\u00e4 kauniista syysruskasta ja ihanan pehmeist\u00e4 syysasuista. Olen viihtynyt jo monena&hellip;<\/p>\n","protected":false},"author":132,"featured_media":0,"comment_status":"open","ping_status":"closed","sticky":false,"template":"","format":"standard","meta":{"footnotes":""},"categories":[60,83],"tags":[],"acf":[],"platta":{"numLikes":0,"numComments":0,"category":null,"themes":[],"commercial_partner":null,"thumbnail":"https:\/\/3.bp.blogspot.com\/-h8U4oKX_5zY\/UlRW7VHSzlI\/AAAAAAAABg4\/m1nEE5tiijw\/s640\/kollaasi1.jpg","blog_id":96},"jetpack_featured_media_url":"","_links":{"self":[{"href":"https:\/\/blogit.terve.fi\/inspirations\/api\/wp\/v2\/posts\/1942"}],"collection":[{"href":"https:\/\/blogit.terve.fi\/inspirations\/api\/wp\/v2\/posts"}],"about":[{"href":"https:\/\/blogit.terve.fi\/inspirations\/api\/wp\/v2\/types\/post"}],"author":[{"embeddable":true,"href":"https:\/\/blogit.terve.fi\/inspirations\/api\/wp\/v2\/users\/132"}],"replies":[{"embeddable":true,"href":"https:\/\/blogit.terve.fi\/inspirations\/api\/wp\/v2\/comments?post=1942"}],"version-history":[{"count":0,"href":"https:\/\/blogit.terve.fi\/inspirations\/api\/wp\/v2\/posts\/1942\/revisions"}],"wp:attachment":[{"href":"https:\/\/blogit.terve.fi\/inspirations\/api\/wp\/v2\/media?parent=1942"}],"wp:term":[{"taxonomy":"category","embeddable":true,"href":"https:\/\/blogit.terve.fi\/inspirations\/api\/wp\/v2\/categories?post=1942"},{"taxonomy":"post_tag","embeddable":true,"href":"https:\/\/blogit.terve.fi\/inspirations\/api\/wp\/v2\/tags?post=1942"}],"curies":[{"name":"wp","href":"https:\/\/api.w.org\/{rel}","templated":true}]}}