{"id":10466,"date":"2017-09-14T15:49:06","date_gmt":"2017-09-14T12:49:06","guid":{"rendered":"https:\/\/anna.fi\/inspirations\/?p=10466"},"modified":"2017-09-14T15:49:06","modified_gmt":"2017-09-14T12:49:06","slug":"oma-koira-vai-matkustelua-vai-molemmat","status":"publish","type":"post","link":"https:\/\/blogit.terve.fi\/inspirations\/oma-koira-vai-matkustelua-vai-molemmat\/","title":{"rendered":"Oma koira vai matkustelua &#8211; vai molemmat?"},"content":{"rendered":"<p><a rel=\"nofollow\" href=\"https:\/\/blogit-cdn.a-lehdet.fi\/uploads\/sites\/96\/2017\/09\/rapsut.jpg\"><img decoding=\"async\" loading=\"lazy\" class=\"alignnone wp-image-10468 size-full\" src=\"https:\/\/blogit-cdn.a-lehdet.fi\/uploads\/sites\/96\/2017\/09\/rapsut.jpg\" alt=\"Oma koira vai matkustelua - vai molemmat?\" width=\"1500\" height=\"983\" srcset=\"https:\/\/blogit-cdn.a-lehdet.fi\/uploads\/sites\/96\/2017\/09\/rapsut.jpg 1500w, https:\/\/blogit-cdn.a-lehdet.fi\/uploads\/sites\/96\/2017\/09\/rapsut-300x197.jpg 300w, https:\/\/blogit-cdn.a-lehdet.fi\/uploads\/sites\/96\/2017\/09\/rapsut-768x503.jpg 768w, https:\/\/blogit-cdn.a-lehdet.fi\/uploads\/sites\/96\/2017\/09\/rapsut-1024x671.jpg 1024w\" sizes=\"(max-width: 1500px) 100vw, 1500px\" \/><\/a>Meid\u00e4n perheemme koirarakkaus on tullut t\u00e4\u00e4ll\u00e4 blogissakin usein esille &#8211; samoin kuin matkustelurakkauskin. Usein omissa pohdinnoissamme n\u00e4m\u00e4 asiat kohtaavat.<\/p>\n<p>Uuden oman koiran hankkiminen on py\u00f6rinyt keskusteluissa ja mieless\u00e4 jo pidemm\u00e4n aikaa &#8211; onneksi samalla saadaan s\u00e4\u00e4nn\u00f6llisesti hellitell\u00e4 yst\u00e4vien karvaisia perheenj\u00e4seni\u00e4, niin kuin kuvissa tytt\u00e4ren kanssa peuhaavaa ihanaa Lanzoa.<\/p>\n<p><a rel=\"nofollow\" href=\"https:\/\/blogit-cdn.a-lehdet.fi\/uploads\/sites\/96\/2017\/09\/koira-2.jpg\"><img decoding=\"async\" loading=\"lazy\" class=\"alignnone size-full wp-image-10467\" src=\"https:\/\/blogit-cdn.a-lehdet.fi\/uploads\/sites\/96\/2017\/09\/koira-2.jpg\" alt=\"\" width=\"1500\" height=\"1072\" srcset=\"https:\/\/blogit-cdn.a-lehdet.fi\/uploads\/sites\/96\/2017\/09\/koira-2.jpg 1500w, https:\/\/blogit-cdn.a-lehdet.fi\/uploads\/sites\/96\/2017\/09\/koira-2-300x214.jpg 300w, https:\/\/blogit-cdn.a-lehdet.fi\/uploads\/sites\/96\/2017\/09\/koira-2-768x549.jpg 768w, https:\/\/blogit-cdn.a-lehdet.fi\/uploads\/sites\/96\/2017\/09\/koira-2-1024x732.jpg 1024w\" sizes=\"(max-width: 1500px) 100vw, 1500px\" \/><\/a><\/p>\n<p>Koirien lis\u00e4ksi matkustelu on ollut aina l\u00e4hell\u00e4 koko perheemme syd\u00e4nt\u00e4. Kun lapset olivat pieni\u00e4, oli melkein aina jo seuraava matka suunnitelmissa, kun kotiin palattiin edelliselt\u00e4.<\/p>\n<p>Kun tyt\u00e4rkin oli aloittamassa koulua, meille tuli oma koira 4-vuotiaana rikastuttamaan perhett\u00e4mme seuraavaksi 10 vuodeksi. Suurin osa noista vuosista oli my\u00f6s aikaa, jolloin koko perheemme p\u00e4\u00e4si vain harvoin matkustamaan ulkomaille samaan aikaan. Pojalla (ja ison osan vuodesta tyt\u00f6ll\u00e4kin) alkoi olla joka viikonloppu treenej\u00e4 ja pelej\u00e4, joista ei voinut olla pois ja kes\u00e4tauot vietimme saaristossa, koira tietysti mukana, kunnes koiramme nukkui suureksi suruksemme pois nelj\u00e4 vuotta sitten.<\/p>\n<p>Siit\u00e4 asti on pohdittu ajatusta uudesta koirasta samalla kun el\u00e4m\u00e4 on kehittynyt entist\u00e4 kansainv\u00e4lisemm\u00e4ksi lasten kasvettua. Nyt poika asuukin jo talvet ulkomailla ja matkustelu koko perheen keskenkin on ollut taas mahdollista. Tyt\u00e4r asui Havaijilla koko viime talven &#8211; \u00a0ja taas on matkasuunnittelut k\u00e4ynniss\u00e4.<\/p>\n<p>Meid\u00e4n oma koiramme oli aika iso uroskoira, kahden rodun sekoitus, viisas ja my\u00f6s hyv\u00e4n mets\u00e4stysvietin omaava &#8211; omasi &#8220;oikeaa koiranluonnetta&#8221; tarvittaessa, mutta oli superlempe\u00e4 palveluskoira ihmisille.<\/p>\n<p>Rakastamme kaikenlaisia koiria, mutta todenn\u00e4k\u00f6isesti oma karvainen perheenj\u00e4senemme olisi edellisen kaltainen. Sellaisen koiran hoitopaikan saaminen ei ole aina yht\u00e4 helppoa kuin \u00a0vaikka pienten allergiavapaiden pumpulisten lemmikkien. Useilla yst\u00e4v\u00e4perheill\u00e4mme on jo koira, eik\u00e4 sekaan helposti mahdu toista urosta, ja toisaalta taas monilla yst\u00e4vill\u00e4 ja sukulaisillamme on allergiota ym. syit\u00e4, miksi koiraa ei kodissa ole. Kennelitk\u00e4\u00e4n eiv\u00e4t kuulosta houkuttelevilta hoitopaikoilta, varsinkaan pidemmiksi ajoiksi.<\/p>\n<p><a rel=\"nofollow\" href=\"https:\/\/blogit-cdn.a-lehdet.fi\/uploads\/sites\/96\/2017\/09\/juli-ja-lanzo.jpg\"><img decoding=\"async\" loading=\"lazy\" class=\"alignnone size-full wp-image-10469\" src=\"https:\/\/blogit-cdn.a-lehdet.fi\/uploads\/sites\/96\/2017\/09\/juli-ja-lanzo.jpg\" alt=\"\" width=\"1500\" height=\"1000\" srcset=\"https:\/\/blogit-cdn.a-lehdet.fi\/uploads\/sites\/96\/2017\/09\/juli-ja-lanzo.jpg 1500w, https:\/\/blogit-cdn.a-lehdet.fi\/uploads\/sites\/96\/2017\/09\/juli-ja-lanzo-300x200.jpg 300w, https:\/\/blogit-cdn.a-lehdet.fi\/uploads\/sites\/96\/2017\/09\/juli-ja-lanzo-768x512.jpg 768w, https:\/\/blogit-cdn.a-lehdet.fi\/uploads\/sites\/96\/2017\/09\/juli-ja-lanzo-1024x683.jpg 1024w\" sizes=\"(max-width: 1500px) 100vw, 1500px\" \/><\/a><\/p>\n<h2>Oma koira vai matkustelua &#8211; vai molemmat?<\/h2>\n<p>Niinp\u00e4 n\u00e4m\u00e4 kaksi asiaa k\u00e4yv\u00e4t kamppailua ajauksissamme ja keskusteluissamme. Mielest\u00e4mme meill\u00e4 olisi taas tarjota t\u00e4ydellinen perhe ja puitteet koiralle, mutta kun veri vet\u00e4\u00e4 enenev\u00e4ss\u00e4 m\u00e4\u00e4rin my\u00f6s maailmalle pidemmiksikin ajoiksi, miten yhdist\u00e4\u00e4 koiranhoito ja matkustelu?<\/p>\n<p>Toisaalta monilla koiran omistavilla yst\u00e4v\u00e4perheill\u00e4mme on my\u00f6s koiranhoitotarve, jossa me voimme nyt auttaa. Ehk\u00e4 elelemme t\u00e4ss\u00e4 tilanteessa ainakin jonkin aikaa, matkustamme perheen kesken ja nautimme t\u00e4ysill\u00e4 siit\u00e4 ja kotona nautimme t\u00e4ysill\u00e4 yst\u00e4vien koirien hoitamisesta ja seurasta &#8211; ja katsomme mihin suuntaan asiat loksahtavat omalla painollaan, sill\u00e4 niinh\u00e4n niiden on tapana tehd\u00e4 kuitenkin.<\/p>\n","protected":false},"excerpt":{"rendered":"<p>Meid\u00e4n perheemme koirarakkaus on tullut t\u00e4\u00e4ll\u00e4 blogissakin usein esille &#8211; samoin kuin&hellip;<\/p>\n","protected":false},"author":132,"featured_media":0,"comment_status":"open","ping_status":"closed","sticky":false,"template":"","format":"standard","meta":{"footnotes":""},"categories":[48,61],"tags":[412,413],"acf":[],"platta":{"numLikes":0,"numComments":0,"category":null,"themes":[],"commercial_partner":null,"thumbnail":"https:\/\/blogit-cdn.a-lehdet.fi\/uploads\/sites\/96\/2017\/09\/rapsut.jpg","blog_id":96},"jetpack_featured_media_url":"","_links":{"self":[{"href":"https:\/\/blogit.terve.fi\/inspirations\/api\/wp\/v2\/posts\/10466"}],"collection":[{"href":"https:\/\/blogit.terve.fi\/inspirations\/api\/wp\/v2\/posts"}],"about":[{"href":"https:\/\/blogit.terve.fi\/inspirations\/api\/wp\/v2\/types\/post"}],"author":[{"embeddable":true,"href":"https:\/\/blogit.terve.fi\/inspirations\/api\/wp\/v2\/users\/132"}],"replies":[{"embeddable":true,"href":"https:\/\/blogit.terve.fi\/inspirations\/api\/wp\/v2\/comments?post=10466"}],"version-history":[{"count":0,"href":"https:\/\/blogit.terve.fi\/inspirations\/api\/wp\/v2\/posts\/10466\/revisions"}],"wp:attachment":[{"href":"https:\/\/blogit.terve.fi\/inspirations\/api\/wp\/v2\/media?parent=10466"}],"wp:term":[{"taxonomy":"category","embeddable":true,"href":"https:\/\/blogit.terve.fi\/inspirations\/api\/wp\/v2\/categories?post=10466"},{"taxonomy":"post_tag","embeddable":true,"href":"https:\/\/blogit.terve.fi\/inspirations\/api\/wp\/v2\/tags?post=10466"}],"curies":[{"name":"wp","href":"https:\/\/api.w.org\/{rel}","templated":true}]}}