{"id":166,"date":"2015-06-29T12:24:38","date_gmt":"2015-06-29T09:24:38","guid":{"rendered":"http:\/\/blogit.terve.fi\/idaiholla\/?p=166"},"modified":"2018-04-11T21:17:38","modified_gmt":"2018-04-11T18:17:38","slug":"diy-sohva","status":"publish","type":"post","link":"https:\/\/blogit.terve.fi\/idaiholla\/diy-sohva\/","title":{"rendered":"DIY Sohva"},"content":{"rendered":"<p>Halpaa, helppoa ja uusiok\u00e4ytt\u00f6\u00e4 parhaimmillaan. Raikas sohva syntyy terassille tai parvekkeelle nopeasti!<\/p>\n<p><a rel=\"nofollow\" href=\"http:\/\/d3vsgec5pd3juy.cloudfront.net\/wp-content-new\/uploads\/sites\/5\/2015\/06\/terassin-uusi-ilme.png\"><img decoding=\"async\" loading=\"lazy\" class=\"aligncenter wp-image-167 size-full\" src=\"http:\/\/d3vsgec5pd3juy.cloudfront.net\/wp-content-new\/uploads\/sites\/5\/2015\/06\/terassin-uusi-ilme.png\" alt=\"terassin uusi ilme\" width=\"534\" height=\"713\" srcset=\"https:\/\/blogit-cdn.a-lehdet.fi\/uploads\/sites\/67\/2015\/06\/terassin-uusi-ilme.png 534w, https:\/\/blogit-cdn.a-lehdet.fi\/uploads\/sites\/67\/2015\/06\/terassin-uusi-ilme-225x300.png 225w, https:\/\/blogit-cdn.a-lehdet.fi\/uploads\/sites\/67\/2015\/06\/terassin-uusi-ilme-300x400.png 300w\" sizes=\"(max-width: 534px) 100vw, 534px\" \/><\/a><\/p>\n<p>Viime vuosina <strong>eurolavoista<\/strong> tehdyt kalusteet ovat olleet iso hitti ymp\u00e4ri maailman ja t\u00e4m\u00e4 n\u00e4pp\u00e4r\u00e4 <strong>kalustetrendi<\/strong> ei ole h\u00e4vi\u00e4m\u00e4ss\u00e4 viel\u00e4k\u00e4\u00e4n.<\/p>\n<p>Uusi koti ja piha ovat sy\u00f6neet rahaa kun kaikenlaista esim. ruohonleikkurista l\u00e4htien on t\u00e4ytynyt hankkia. On siis pakko s\u00e4\u00e4st\u00e4\u00e4 niiss\u00e4 kuluissa miss\u00e4 pystyy ja tehd\u00e4 mahdollisimman paljon itse kalusteita tms. <strong>kierr\u00e4tetyist\u00e4 ja edullisista materiaaleista<\/strong>. Niinp\u00e4 innostuin tekem\u00e4\u00e4n pari sohvaa terassille eurolavoista!<\/p>\n<p>Maalasin 12 kpl <em>eurolavoja<\/em> valkoisiksi ja annoin kuivua kunnolla. Sen j\u00e4lkeen 2 lavaa vierekk\u00e4in ja yhteens\u00e4 3 kpl p\u00e4\u00e4llekk\u00e4in, t\u00e4st\u00e4 tuli kuitenkin ihan liian korkea patjoineen, joten nakkasin viel\u00e4 yhdet lavat pois. Lopputulos, jossa on 2 lavaa p\u00e4\u00e4llekk\u00e4in on huomattavasti rennompi ja istuu terassille paremmin. T\u00e4st\u00e4 j\u00e4i 4 ylim\u00e4\u00e4r\u00e4ist\u00e4 valmiiksi maalattua lavaa, jotka voinkin vied\u00e4 vanhemmille ja he s\u00e4\u00e4styv\u00e4t maalausvaivalta. \ud83d\ude42<\/p>\n<p><a rel=\"nofollow\" href=\"http:\/\/d3vsgec5pd3juy.cloudfront.net\/wp-content-new\/uploads\/sites\/5\/2015\/06\/diy-sohva.jpg\"><img decoding=\"async\" loading=\"lazy\" class=\"aligncenter wp-image-168 \" src=\"http:\/\/d3vsgec5pd3juy.cloudfront.net\/wp-content-new\/uploads\/sites\/5\/2015\/06\/diy-sohva.jpg\" alt=\"diy sohva\" width=\"1462\" height=\"961\" srcset=\"https:\/\/blogit-cdn.a-lehdet.fi\/uploads\/sites\/67\/2015\/06\/diy-sohva.jpg 4608w, https:\/\/blogit-cdn.a-lehdet.fi\/uploads\/sites\/67\/2015\/06\/diy-sohva-300x197.jpg 300w, https:\/\/blogit-cdn.a-lehdet.fi\/uploads\/sites\/67\/2015\/06\/diy-sohva-768x505.jpg 768w, https:\/\/blogit-cdn.a-lehdet.fi\/uploads\/sites\/67\/2015\/06\/diy-sohva-1024x673.jpg 1024w, https:\/\/blogit-cdn.a-lehdet.fi\/uploads\/sites\/67\/2015\/06\/diy-sohva-400x263.jpg 400w\" sizes=\"(max-width: 1462px) 100vw, 1462px\" \/><\/a><\/p>\n<p><a rel=\"nofollow\" href=\"http:\/\/d3vsgec5pd3juy.cloudfront.net\/wp-content-new\/uploads\/sites\/5\/2015\/06\/raikkaat-tyynyt.jpg\"><img decoding=\"async\" loading=\"lazy\" class=\"aligncenter wp-image-169 \" src=\"http:\/\/d3vsgec5pd3juy.cloudfront.net\/wp-content-new\/uploads\/sites\/5\/2015\/06\/raikkaat-tyynyt.jpg\" alt=\"raikkaat tyynyt\" width=\"1299\" height=\"974\" srcset=\"https:\/\/blogit-cdn.a-lehdet.fi\/uploads\/sites\/67\/2015\/06\/raikkaat-tyynyt.jpg 4608w, https:\/\/blogit-cdn.a-lehdet.fi\/uploads\/sites\/67\/2015\/06\/raikkaat-tyynyt-300x225.jpg 300w, https:\/\/blogit-cdn.a-lehdet.fi\/uploads\/sites\/67\/2015\/06\/raikkaat-tyynyt-768x576.jpg 768w, https:\/\/blogit-cdn.a-lehdet.fi\/uploads\/sites\/67\/2015\/06\/raikkaat-tyynyt-1024x768.jpg 1024w, https:\/\/blogit-cdn.a-lehdet.fi\/uploads\/sites\/67\/2015\/06\/raikkaat-tyynyt-400x300.jpg 400w\" sizes=\"(max-width: 1299px) 100vw, 1299px\" \/><\/a><\/p>\n<p>Maalattujen lavojen p\u00e4\u00e4lle hankin pari tavallista <strong>vaahtomuovipatjaa<\/strong> ja niihin muotoonommellut lakanat, jotka on sitten helppo ottaa irti ja pest\u00e4. En l\u00e4htenyt mitoittamaan tarkalleen sohvan kokoiseksi patjoja vaan on kiva kun p\u00e4ihin j\u00e4i paljasta lavaa, joka toimii hyvin laskutilana.<\/p>\n<p><a rel=\"nofollow\" href=\"http:\/\/d3vsgec5pd3juy.cloudfront.net\/wp-content-new\/uploads\/sites\/5\/2015\/06\/eurolavat.png\"><img decoding=\"async\" loading=\"lazy\" class=\"aligncenter wp-image-170 size-full\" src=\"http:\/\/d3vsgec5pd3juy.cloudfront.net\/wp-content-new\/uploads\/sites\/5\/2015\/06\/eurolavat.png\" alt=\"eurolavat\" width=\"948\" height=\"711\" srcset=\"https:\/\/blogit-cdn.a-lehdet.fi\/uploads\/sites\/67\/2015\/06\/eurolavat.png 948w, https:\/\/blogit-cdn.a-lehdet.fi\/uploads\/sites\/67\/2015\/06\/eurolavat-300x225.png 300w, https:\/\/blogit-cdn.a-lehdet.fi\/uploads\/sites\/67\/2015\/06\/eurolavat-768x576.png 768w, https:\/\/blogit-cdn.a-lehdet.fi\/uploads\/sites\/67\/2015\/06\/eurolavat-400x300.png 400w\" sizes=\"(max-width: 948px) 100vw, 948px\" \/><\/a><\/p>\n<p><a rel=\"nofollow\" href=\"http:\/\/d3vsgec5pd3juy.cloudfront.net\/wp-content-new\/uploads\/sites\/5\/2015\/06\/tee-se-itse-sohva.jpg\"><img decoding=\"async\" loading=\"lazy\" class=\"aligncenter wp-image-171 \" src=\"http:\/\/d3vsgec5pd3juy.cloudfront.net\/wp-content-new\/uploads\/sites\/5\/2015\/06\/tee-se-itse-sohva.jpg\" alt=\"tsi sohva\" width=\"1149\" height=\"1533\" srcset=\"https:\/\/blogit-cdn.a-lehdet.fi\/uploads\/sites\/67\/2015\/06\/tee-se-itse-sohva.jpg 3456w, https:\/\/blogit-cdn.a-lehdet.fi\/uploads\/sites\/67\/2015\/06\/tee-se-itse-sohva-225x300.jpg 225w, https:\/\/blogit-cdn.a-lehdet.fi\/uploads\/sites\/67\/2015\/06\/tee-se-itse-sohva-768x1024.jpg 768w, https:\/\/blogit-cdn.a-lehdet.fi\/uploads\/sites\/67\/2015\/06\/tee-se-itse-sohva-300x400.jpg 300w\" sizes=\"(max-width: 1149px) 100vw, 1149px\" \/><\/a><\/p>\n<p><a rel=\"nofollow\" href=\"http:\/\/d3vsgec5pd3juy.cloudfront.net\/wp-content-new\/uploads\/sites\/5\/2015\/06\/sivupoydat.png\"><img decoding=\"async\" loading=\"lazy\" class=\"aligncenter wp-image-172 size-full\" src=\"http:\/\/d3vsgec5pd3juy.cloudfront.net\/wp-content-new\/uploads\/sites\/5\/2015\/06\/sivupoydat.png\" alt=\"sivup\u00f6yd\u00e4t\" width=\"533\" height=\"710\" srcset=\"https:\/\/blogit-cdn.a-lehdet.fi\/uploads\/sites\/67\/2015\/06\/sivupoydat.png 533w, https:\/\/blogit-cdn.a-lehdet.fi\/uploads\/sites\/67\/2015\/06\/sivupoydat-225x300.png 225w, https:\/\/blogit-cdn.a-lehdet.fi\/uploads\/sites\/67\/2015\/06\/sivupoydat-300x400.png 300w\" sizes=\"(max-width: 533px) 100vw, 533px\" \/><\/a><\/p>\n<p>Talvella l\u00f6ytyi tontin laidalta kaksi isoa puun p\u00f6lkky\u00e4, jotka saivat nyt uudet el\u00e4m\u00e4t <strong>sohvan sivup\u00f6yt\u00e4n\u00e4<\/strong> ja <strong>kukkap\u00f6yt\u00e4n\u00e4<\/strong>. \ud83d\ude42<\/p>\n<p><a rel=\"nofollow\" href=\"http:\/\/d3vsgec5pd3juy.cloudfront.net\/wp-content-new\/uploads\/sites\/5\/2015\/06\/nayttokuva-2015-6-29-kello-12-09-59.png\"><img decoding=\"async\" loading=\"lazy\" class=\"aligncenter wp-image-173 size-full\" src=\"http:\/\/d3vsgec5pd3juy.cloudfront.net\/wp-content-new\/uploads\/sites\/5\/2015\/06\/nayttokuva-2015-6-29-kello-12-09-59.png\" alt=\"diy terassi\" width=\"533\" height=\"711\" srcset=\"https:\/\/blogit-cdn.a-lehdet.fi\/uploads\/sites\/67\/2015\/06\/nayttokuva-2015-6-29-kello-12-09-59.png 533w, https:\/\/blogit-cdn.a-lehdet.fi\/uploads\/sites\/67\/2015\/06\/nayttokuva-2015-6-29-kello-12-09-59-225x300.png 225w, https:\/\/blogit-cdn.a-lehdet.fi\/uploads\/sites\/67\/2015\/06\/nayttokuva-2015-6-29-kello-12-09-59-300x400.png 300w\" sizes=\"(max-width: 533px) 100vw, 533px\" \/><\/a><\/p>\n<p>Sohvien ja terassin viimeistely <strong>tekstiileill\u00e4, kynttil\u00f6ill\u00e4, lyhdyill\u00e4 ja kukilla<\/strong> ja itse olen ainakin tyytyv\u00e4inen raikkaaseen lopputulokseen. Ei mennyt paljoa rahaa ja sohvien ilmett\u00e4 on helppo muuntaa aina mielen mukaan eri v\u00e4risill\u00e4 tekstiileill\u00e4. \ud83d\ude42 Mit\u00e4 tykk\u00e4\u00e4tte terassin uudesta ilmeest\u00e4?<\/p>\n<p><strong>Nyt voi viett\u00e4\u00e4 kes\u00e4isi\u00e4 p\u00e4ivi\u00e4 ja iltoja rennosti k\u00f6ll\u00f6tellen! &lt;3<\/strong><\/p>\n<p>&nbsp;<\/p>\n","protected":false},"excerpt":{"rendered":"<p>Halpaa, helppoa ja uusiok\u00e4ytt\u00f6\u00e4 parhaimmillaan. Raikas sohva syntyy terassille tai parvekkeelle nopeasti!&hellip;<\/p>\n","protected":false},"author":92,"featured_media":167,"comment_status":"open","ping_status":"open","sticky":false,"template":"","format":"standard","meta":{"footnotes":""},"categories":[8,9,10],"tags":[91,50,93,49,92,94,95],"acf":[],"platta":{"numLikes":2,"numComments":6,"category":null,"themes":[],"commercial_partner":null,"thumbnail":"https:\/\/blogit-cdn.a-lehdet.fi\/uploads\/sites\/67\/2015\/06\/terassin-uusi-ilme.png","blog_id":67},"jetpack_featured_media_url":"https:\/\/blogit-cdn.a-lehdet.fi\/uploads\/sites\/67\/2015\/06\/terassin-uusi-ilme.png","_links":{"self":[{"href":"https:\/\/blogit.terve.fi\/idaiholla\/api\/wp\/v2\/posts\/166"}],"collection":[{"href":"https:\/\/blogit.terve.fi\/idaiholla\/api\/wp\/v2\/posts"}],"about":[{"href":"https:\/\/blogit.terve.fi\/idaiholla\/api\/wp\/v2\/types\/post"}],"author":[{"embeddable":true,"href":"https:\/\/blogit.terve.fi\/idaiholla\/api\/wp\/v2\/users\/92"}],"replies":[{"embeddable":true,"href":"https:\/\/blogit.terve.fi\/idaiholla\/api\/wp\/v2\/comments?post=166"}],"version-history":[{"count":4,"href":"https:\/\/blogit.terve.fi\/idaiholla\/api\/wp\/v2\/posts\/166\/revisions"}],"predecessor-version":[{"id":177,"href":"https:\/\/blogit.terve.fi\/idaiholla\/api\/wp\/v2\/posts\/166\/revisions\/177"}],"wp:featuredmedia":[{"embeddable":true,"href":"https:\/\/blogit.terve.fi\/idaiholla\/api\/wp\/v2\/media\/167"}],"wp:attachment":[{"href":"https:\/\/blogit.terve.fi\/idaiholla\/api\/wp\/v2\/media?parent=166"}],"wp:term":[{"taxonomy":"category","embeddable":true,"href":"https:\/\/blogit.terve.fi\/idaiholla\/api\/wp\/v2\/categories?post=166"},{"taxonomy":"post_tag","embeddable":true,"href":"https:\/\/blogit.terve.fi\/idaiholla\/api\/wp\/v2\/tags?post=166"}],"curies":[{"name":"wp","href":"https:\/\/api.w.org\/{rel}","templated":true}]}}