{"id":7650,"date":"2020-02-25T08:13:40","date_gmt":"2020-02-25T06:13:40","guid":{"rendered":"http:\/\/blogit.terve.fi\/annasaivosalmi\/?p=7650"},"modified":"2020-02-25T08:13:40","modified_gmt":"2020-02-25T06:13:40","slug":"kun-on-aika-jattaa-treenit-valista","status":"publish","type":"post","link":"https:\/\/blogit.terve.fi\/annasaivosalmi\/kun-on-aika-jattaa-treenit-valista\/","title":{"rendered":"Kun on aika j\u00e4tt\u00e4\u00e4 treenit v\u00e4list\u00e4"},"content":{"rendered":"<p>Eilen illalla tuijotin l\u00e4pp\u00e4rin ruutua my\u00f6h\u00e4\u00e4n. Poikkeuksellista minulle. Kun viimein k\u00f6mmin s\u00e4nkyyn huomasin sen heti: otollinen nukahtamishetki oli jo mennyt ohi. Olen pannut merkille, ett\u00e4 minulla on selke\u00e4sti olemassa optimaalinen hetki painua s\u00e4nkyyn ja saada unta. Jos t\u00e4m\u00e4 hetki hujahtaa ohi, on unen p\u00e4\u00e4st\u00e4 vaikeampi saada kiinni.<\/p>\n<p>P\u00e4\u00e4tin, etten panikoi, ja tein k\u00e4rsiv\u00e4llisesti kaikki <a href=\"http:\/\/blogit.terve.fi\/annasaivosalmi\/kaksi-keinoa-joiden-avulla-nukahdan-joka-ilta-nukahtamis-sana-toimii\/\">nukahtamista jouduttavat toimenpiteeni.<\/a> Silti ajatukset t\u00e4yttiv\u00e4t p\u00e4\u00e4n ja py\u00f6rin s\u00e4ngyss\u00e4. Koetin karkoittaa mielest\u00e4ni ep\u00e4toivon ja ahdistuksen tunteet, jotka hiipiv\u00e4t t\u00e4llaisina iltoina, kun uni ei tule.<\/p>\n<p><img decoding=\"async\" loading=\"lazy\" class=\"size-full wp-image-7651 aligncenter\" src=\"https:\/\/blogit-cdn.a-lehdet.fi\/uploads\/sites\/66\/2020\/02\/3873af22-2f5c-4366-93dc-fa2d5ebfedec.jpg\" alt=\"\" width=\"1200\" height=\"1200\"><\/p>\n<h2>Mit\u00e4 enemm\u00e4n kello n\u00e4ytti, sit\u00e4 varmemmaksi tulin<\/h2>\n<p>Olin ajatellut treenaavani heti aamusta, ja siksi kello oli soimassa ajoissa, jotta ehtisin hikoilla ennen t\u00f6it\u00e4. Tiistait ovat kohdallani aina pitki\u00e4 ty\u00f6p\u00e4ivi\u00e4, jolloin olen illalla t\u00f6ist\u00e4 kotona vasta puoli kahdeksan j\u00e4lkeen, ja silloin jaksan en\u00e4\u00e4 harvemmin treenata. Siksi liikun mieluusti aamulla. Tai oikeastaan se on ainoa mahdollisuuteni.<\/p>\n<p>Eilen illalla katsoin kelloa viel\u00e4 kahdeltatoista. Ja sitten puoli yhdelt\u00e4. Lopulta tein p\u00e4\u00e4t\u00f6ksen: aamun treeni saa j\u00e4\u00e4d\u00e4. Siirsin her\u00e4tyst\u00e4 hieman eteenp\u00e4in ja peruin varaamani aamun treenitunnin. Ymm\u00e4rsin, ettei muutaman tunnin unilla kannata l\u00e4hte\u00e4 haastamaan itse\u00e4\u00e4n.<\/p>\n<p><img decoding=\"async\" loading=\"lazy\" class=\"size-full wp-image-7654 aligncenter\" src=\"https:\/\/blogit-cdn.a-lehdet.fi\/uploads\/sites\/66\/2020\/02\/img_1632.jpg\" alt=\"\" width=\"828\" height=\"1052\" srcset=\"https:\/\/blogit-cdn.a-lehdet.fi\/uploads\/sites\/66\/2020\/02\/img_1632.jpg 828w, https:\/\/blogit-cdn.a-lehdet.fi\/uploads\/sites\/66\/2020\/02\/img_1632-236x300.jpg 236w, https:\/\/blogit-cdn.a-lehdet.fi\/uploads\/sites\/66\/2020\/02\/img_1632-768x976.jpg 768w, https:\/\/blogit-cdn.a-lehdet.fi\/uploads\/sites\/66\/2020\/02\/img_1632-806x1024.jpg 806w\" sizes=\"(max-width: 828px) 100vw, 828px\" \/><\/p>\n<h2>Tied\u00e4n unentarpeeni ja kuuntelen sit\u00e4<\/h2>\n<p>Tarvitsen unta reilusti. Nyt kun lapset ovat jo isompia, eiv\u00e4tk\u00e4 her\u00e4ttele pitkin y\u00f6t\u00e4, tai viikonloppuaamuisinkaan, nukun v\u00e4hint\u00e4\u00e4n kahdeksan tuntia y\u00f6ss\u00e4, my\u00f6s arkisin. Olen vuosien varrella oppinut tuntemaan itseni, my\u00f6s nukkujana.<\/p>\n<p>Menen kohtuullisen ajoissa nukkumaan. Kymmenen uutisia en ole katsonut en\u00e4\u00e4 vuosiin: olen silloin jo s\u00e4ngyss\u00e4. Uni tulee yleens\u00e4 puoli yhdelt\u00e4toista, mutta t\u00e4m\u00e4 vaatii sen, ett\u00e4 olen rauhoittanut iltani ennen s\u00e4nkyyn menoa.<\/p>\n<p>En voi treenata kovaa liian my\u00f6h\u00e4\u00e4n illalla, enk\u00e4 my\u00f6sk\u00e4\u00e4n keikkua l\u00e4pp\u00e4rill\u00e4 ajatusty\u00f6t\u00e4 tehden kovin my\u00f6h\u00e4\u00e4n. Tutut rutiinit valmistavat kehoni ja mieleni nukkumaan. Uni tulee mielikuvaharjoituksen, kasvojen rentouttamisen ja painopeittoon kietoutumisen avulla.<\/p>\n<p>Vaikka aamut ovat parasta treeniaikaani ja olen aamuvirkku, ei huonon y\u00f6n j\u00e4lkeen ole mit\u00e4\u00e4n j\u00e4rke\u00e4 huhkia. Treeneist\u00e4 ei saa irti samaa, mit\u00e4 lev\u00e4nneen\u00e4 saisi. Silloin arvostan enemm\u00e4n muutamaa minuuttia lis\u00e4unta ja rauhallista aamua, jotka saan j\u00e4tt\u00e4m\u00e4ll\u00e4 treenit v\u00e4list\u00e4. T\u00e4n\u00e4\u00e4n olen h\u00f6rppinyt unisena kahvia keitti\u00f6ss\u00e4mme ja hengitellyt rauhaa mieleeni, vajaasta y\u00f6st\u00e4 huolimatta.<\/p>\n<p>Vaikka aamutreenaus antaa minulle energiaa koko p\u00e4iv\u00e4ksi, skippasin treenit silti mieluusti. Huonon y\u00f6n j\u00e4lkeen valitsen rauhallisen ty\u00f6matkak\u00e4velyn ulkona. Arkiliike on t\u00e4llaisten p\u00e4ivien pelastus. Raitis ilma tuo sit\u00e4paitsi virkeytt\u00e4 v\u00e4syneelle.<\/p>\n<p><img decoding=\"async\" loading=\"lazy\" class=\"size-full wp-image-7652 aligncenter\" src=\"https:\/\/blogit-cdn.a-lehdet.fi\/uploads\/sites\/66\/2020\/02\/img_1477.jpg\" alt=\"\" width=\"827\" height=\"902\" srcset=\"https:\/\/blogit-cdn.a-lehdet.fi\/uploads\/sites\/66\/2020\/02\/img_1477.jpg 827w, https:\/\/blogit-cdn.a-lehdet.fi\/uploads\/sites\/66\/2020\/02\/img_1477-275x300.jpg 275w, https:\/\/blogit-cdn.a-lehdet.fi\/uploads\/sites\/66\/2020\/02\/img_1477-768x838.jpg 768w\" sizes=\"(max-width: 827px) 100vw, 827px\" \/><\/p>\n<h2>Stressi n\u00e4kyy ensimm\u00e4isen\u00e4 unessa<\/h2>\n<p>N\u00e4k\u00f6j\u00e4\u00e4n loman j\u00e4lkeinen ty\u00f6n aloitus on saanut ajatukseni py\u00f6rim\u00e4\u00e4n, ja kehon stressitilaan. Stressaantumisen huomaan yleens\u00e4 ensimm\u00e4isen\u00e4 juuri unessa. Her\u00e4ilen aamuy\u00f6st\u00e4 ja nukun huonosti. Silloin annan itselleni mieluusti mahdollisuuden liikkua kevyemmin.<\/p>\n<p>K\u00e4vely t\u00f6ihin \u00e4\u00e4nikirjaa kuunnellen ja ulkoilu ovat parhaita keinoja lievent\u00e4\u00e4 stressi\u00e4. Vaikka mieli tekisi hikitreenin pariin, annan keholle ja mielelle aikaa palautua ja rentoutua. T\u00e4llaisina p\u00e4ivin\u00e4 olen itselleni armollinen.<\/p>\n<p>My\u00f6nn\u00e4n, ett\u00e4 yleisesti en skippaa suunnittelemaani treeni\u00e4 kuin hyvin harvoin. Sairastuminen ja unen puute ovat oikeastaan t\u00e4rkeimpi\u00e4 syit\u00e4, kun treenit j\u00e4\u00e4v\u00e4t kohdallani v\u00e4list\u00e4, vaikka olisin ne olen kalenteriin pannut.<\/p>\n<p><strong>Mitk\u00e4 ovat teill\u00e4 syit\u00e4 j\u00e4tt\u00e4\u00e4 treenit v\u00e4list\u00e4?<\/strong><\/p>\n<p>&lt;3 Anna<\/p>\n<p>Lue my\u00f6s edellinen postaukseni: <a href=\"http:\/\/blogit.terve.fi\/annasaivosalmi\/miten-paasta-somevaikuttajaksi\/\">N\u00e4in p\u00e4\u00e4see somevaikuttajaksi &#8211; ja n\u00e4in minusta tuli sellainen.<\/a><\/p>\n<p>Tuu instaan: @ansaivo<\/p>\n<p>Kuvat meid\u00e4n m\u00f6kilt\u00e4 viime viikolta. Oli rentouttavaa ja k\u00e4vin pulahtamassakin!<\/p>\n","protected":false},"excerpt":{"rendered":"<p>Eilen illalla tuijotin l\u00e4pp\u00e4rin ruutua my\u00f6h\u00e4\u00e4n. Poikkeuksellista minulle. Kun viimein k\u00f6mmin s\u00e4nkyyn&hellip;<\/p>\n","protected":false},"author":88,"featured_media":7654,"comment_status":"open","ping_status":"open","sticky":false,"template":"","format":"standard","meta":{"footnotes":""},"categories":[1],"tags":[54,44,47,199,42,126,340],"acf":[],"platta":{"numLikes":22,"numComments":2,"category":"treeni-ja-ravinto","themes":["kysy-treenista-ja-ravinnosta","palautuminen","unettomuus"],"commercial_partner":null,"thumbnail":"https:\/\/blogit-cdn.a-lehdet.fi\/uploads\/sites\/66\/2020\/02\/img_1632.jpg","blog_id":66},"jetpack_featured_media_url":"https:\/\/blogit-cdn.a-lehdet.fi\/uploads\/sites\/66\/2020\/02\/img_1632.jpg","_links":{"self":[{"href":"https:\/\/blogit.terve.fi\/annasaivosalmi\/api\/wp\/v2\/posts\/7650"}],"collection":[{"href":"https:\/\/blogit.terve.fi\/annasaivosalmi\/api\/wp\/v2\/posts"}],"about":[{"href":"https:\/\/blogit.terve.fi\/annasaivosalmi\/api\/wp\/v2\/types\/post"}],"author":[{"embeddable":true,"href":"https:\/\/blogit.terve.fi\/annasaivosalmi\/api\/wp\/v2\/users\/88"}],"replies":[{"embeddable":true,"href":"https:\/\/blogit.terve.fi\/annasaivosalmi\/api\/wp\/v2\/comments?post=7650"}],"version-history":[{"count":1,"href":"https:\/\/blogit.terve.fi\/annasaivosalmi\/api\/wp\/v2\/posts\/7650\/revisions"}],"predecessor-version":[{"id":7655,"href":"https:\/\/blogit.terve.fi\/annasaivosalmi\/api\/wp\/v2\/posts\/7650\/revisions\/7655"}],"wp:featuredmedia":[{"embeddable":true,"href":"https:\/\/blogit.terve.fi\/annasaivosalmi\/api\/wp\/v2\/media\/7654"}],"wp:attachment":[{"href":"https:\/\/blogit.terve.fi\/annasaivosalmi\/api\/wp\/v2\/media?parent=7650"}],"wp:term":[{"taxonomy":"category","embeddable":true,"href":"https:\/\/blogit.terve.fi\/annasaivosalmi\/api\/wp\/v2\/categories?post=7650"},{"taxonomy":"post_tag","embeddable":true,"href":"https:\/\/blogit.terve.fi\/annasaivosalmi\/api\/wp\/v2\/tags?post=7650"}],"curies":[{"name":"wp","href":"https:\/\/api.w.org\/{rel}","templated":true}]}}