{"id":7247,"date":"2019-10-27T12:36:26","date_gmt":"2019-10-27T10:36:26","guid":{"rendered":"http:\/\/blogit.terve.fi\/annasaivosalmi\/?p=7247"},"modified":"2019-10-28T07:05:31","modified_gmt":"2019-10-28T05:05:31","slug":"miksei-kampaajalle-saa-sanottua-etta-ei-en-tykkaa","status":"publish","type":"post","link":"https:\/\/blogit.terve.fi\/annasaivosalmi\/miksei-kampaajalle-saa-sanottua-etta-ei-en-tykkaa\/","title":{"rendered":"Miksei kampaajalle saa sanottua, ett\u00e4 &#8220;ei, en tykk\u00e4\u00e4&#8221;?"},"content":{"rendered":"<p>Muillekin on varmasti k\u00e4ynyt niin, ett\u00e4 kampaajan k\u00e4sittelyn j\u00e4lkeen peilist\u00e4 ei katsokaan sellainen p\u00e4\u00e4, kuin oli odottanut. Mulle k\u00e4vi n\u00e4in t\u00e4ll\u00e4 viikolla. Silti en saanut sanottua, ett\u00e4 ei, en tykk\u00e4\u00e4, vaan sopersin, ett\u00e4 &#8220;ihan kiva&#8221;, ja l\u00e4hdin ep\u00e4varmana ja pettyneen\u00e4 kotiin.<\/p>\n<h2>Tukkapaniikki ajaa kampaamoon<\/h2>\n<p>Minulle iskee tukkapaniikki yleens\u00e4 yhdess\u00e4 y\u00f6ss\u00e4. Her\u00e4\u00e4n er\u00e4\u00e4n\u00e4 aamuna siihen, ett\u00e4 viel\u00e4 pesunkin j\u00e4lkeen hiukset ovat latteat, elottomat, keltaiset ja kiillottomat. Kampaajalle on silloin p\u00e4\u00e4st\u00e4v\u00e4 heti! K\u00e4yn kampaajalla harvoin, ehk\u00e4 kahdesti vuodessa, koska hiukseni ovat luonnollisen v\u00e4riset ja tasamittaiset. K\u00e4yntej\u00e4 olisi ehk\u00e4 syyt\u00e4 tihent\u00e4\u00e4, jotta totaalinen tukkapaniikki ei p\u00e4\u00e4sisi aina ja jokakerta yll\u00e4tt\u00e4m\u00e4\u00e4n. Minun pit\u00e4isi olla hiustenhoidossa suunnitelmallisempi.<\/p>\n<p>T\u00e4ll\u00e4 viikolla p\u00e4\u00e4tin koettaa onneani ja k\u00e4velin ty\u00f6matkalla er\u00e4\u00e4n kampaamon ovesta sis\u00e4\u00e4n kyselem\u00e4\u00e4n peruutusaikoja samalle p\u00e4iv\u00e4lle. Harjoittelijalta kuulemma l\u00f6ytyi aika, ja saisin palvelut viel\u00e4 30%:n alennuksella, koska kyseess\u00e4 oli kolmannen vuoden harjoittelija. Minun hiukseni eiv\u00e4t kaipaa muuta, kuin vaaleita, kirkastavia raitoja ja huonojen latvojen leikkausta, joten ajattelin, ettei homma ole hankala harjoittelijalle, ja varasin ajan. Olin innoissani! Jes, p\u00e4iv\u00e4ni ja tukkani on pelastettu.<\/p>\n<p>Kampaajak\u00e4ynti kesti kolme ja puoli tuntia, jonka aikana hiukseni raidoitettiin ja s\u00e4vytettiin sek\u00e4 leikattiin. Kotiin p\u00e4\u00e4sty\u00e4ni n\u00e4in tukan v\u00e4rin lopulta luonnonvalossa ja h\u00e4mmennyin. P\u00e4\u00e4ni oli tummahko ja harmaa(minulla ei ole viel\u00e4 omia harmaita hiuksia). Mies antoi diplomaattiseen s\u00e4vyyns\u00e4 palautetta, ett\u00e4 ei tuo nyt niin huono ole, v\u00e4h\u00e4n niin kuin joku teinitukka, mutta kun poika lenkill\u00e4 kysyi kaksi kertaa, ett\u00e4 \u00e4iti, miksi sulla on ihan harmaa tukka, olin vakuuttunut, ettei tulkinta ollut vain minun p\u00e4\u00e4st\u00e4ni.<\/p>\n<p><img decoding=\"async\" loading=\"lazy\" class=\"alignnone size-full wp-image-7252\" src=\"https:\/\/blogit-cdn.a-lehdet.fi\/uploads\/sites\/66\/2019\/10\/img_3365.jpg\" alt=\"\" width=\"1200\" height=\"1200\"><\/p>\n<h2>Miksen saanut suutani auki?<\/h2>\n<p>Miksen ollut saanut suutani auki f\u00f6\u00f6nauksen j\u00e4lkeen? Olisin voinut kysy\u00e4, miksi hiukset n\u00e4ytt\u00e4v\u00e4t harmailta, eiv\u00e4tk\u00e4 luonnollisen vaaleilta? Sain vain sanottua, ett\u00e4 tulipa t\u00e4st\u00e4 tummempi, kuin odotin. &#8220;S\u00e4vy haalenee&#8221;, minulle vastattiin.<\/p>\n<p>Tajusin my\u00f6hemmin, ett\u00e4 minun olisi pit\u00e4nyt saada suuni auki jo itseasiassa paljon aiemmin.<\/p>\n<p>Opin nimitt\u00e4in ainakin kaksi asiaa. <strong>Kannattaa aina k\u00e4yd\u00e4 tutulla kampaajalla<\/strong>, joka tiet\u00e4\u00e4 ja tuntee sinut. Tuttu kampaaja tuntee my\u00f6s hiuksesi ja sen, mit\u00e4 haet, ja milt\u00e4 olet ennen n\u00e4ytt\u00e4nyt. Uusi ihminen ei voi p\u00e4\u00e4st\u00e4 p\u00e4\u00e4si sis\u00e4lle, eik\u00e4 lue ajatuksiasi ja toiveitasi, ellet niit\u00e4 eritt\u00e4in selke\u00e4sti kykene ilmaisemaan. Uusi ihminen n\u00e4kee vain puoli vuotta rehottaneet hapsottavat kutrisi ja koettaa hahmottaa suuntaa, mihin t\u00e4st\u00e4 l\u00e4hdet\u00e4\u00e4n.<\/p>\n<p>Toinen t\u00e4rke\u00e4 asia onkin se, ett\u00e4 on ilmaistava selke\u00e4sti, mit\u00e4 haluaa (kirkkaammat, kiilt\u00e4v\u00e4mm\u00e4t ja luonnollisen vaales\u00e4vyiset hiukset), ja viel\u00e4 t\u00e4rke\u00e4mp\u00e4\u00e4: on kerrottava, <strong>mit\u00e4 ei ainakaan halua<\/strong>\u00a0(tummahkoa lopputulosta, selv\u00e4sti n\u00e4kyvi\u00e4 vaaleanharmaita raitoja).<\/p>\n<p>Kerroin t\u00e4ll\u00e4 kertaa, mit\u00e4 haluan, mutta ilmeisesti en tarpeeksi selke\u00e4sti ja tarkkaan. En sen sijaan kertonut lainkaan, mit\u00e4 en ainakaan halua. T\u00e4llaisilla ep\u00e4selvill\u00e4 ohjeilla on tukkaani tuntematta todella vaikea onnistua.<\/p>\n<h2>Kampaajalla ei ole helppoa<\/h2>\n<p>Harjoittelijaa ohjasi &#8220;oikea kampaaja&#8221; oman ty\u00f6ns\u00e4 ohella. Harjoittelija teki varmasti parhaansa, sit\u00e4 en ep\u00e4ile ollenkaan, ja h\u00e4nen aikomuksensa olivat hyv\u00e4t. Lopputulos ei vain miellytt\u00e4nyt minua. Silti en saanut sanotuksi, ett\u00e4 ei, en tykk\u00e4\u00e4 tai ett\u00e4 voiko t\u00e4lle viel\u00e4 tehd\u00e4 jotain?<\/p>\n<p>Minua nolotti, h\u00e4vetti ja syyttelin itse\u00e4ni, kun en ollut osannut etuk\u00e4teen toiveitani selke\u00e4mmin ilmaista. En kertakaikkiaan kehdannut pilata tunnelmaa, ja sanoa lopuksi, etten ollut tyytyv\u00e4inen. En halunnut aiheuttaa harjoittelijalle pahaa mielt\u00e4, eih\u00e4n tulos h\u00e4nen vikansa ollut. Mietin tilannetta siit\u00e4 n\u00e4k\u00f6kulmasta, ett\u00e4 eiv\u00e4t varmaan kaikki minunkaan asiakkaani v\u00e4ltt\u00e4m\u00e4tt\u00e4 tykk\u00e4\u00e4 treeneist\u00e4ni, mutta eiv\u00e4t he sit\u00e4 suoraan minulle treenin j\u00e4lkeen sano. He \u00e4\u00e4nest\u00e4v\u00e4t jaloillaan.<\/p>\n<p>Niinp\u00e4 nielin pettymykseni, olihan se omaa syyt\u00e4ni. Jos kyseinen harjoittelija lukee t\u00e4m\u00e4n tekstin haluan, ett\u00e4 h\u00e4n tiet\u00e4\u00e4, etten miss\u00e4\u00e4n nimess\u00e4 ole pettynyt h\u00e4neen, olen pettynyt itseeni.<\/p>\n<p>Ei ole kampaajalla helppoa.<\/p>\n<p>Ihmiset marssivat sis\u00e4\u00e4n jos jonkinlaisten mallikuvien kanssa, ja kertovat haluavansa kuvan mukaisen tukan. Kampaajan tulisi pysty\u00e4 sanomaan, ettei sinun ohuisiin ja sileisiin hiuksiisi saada samanlaista lopputulosta, kuin Jennifer Anistonilla. Minullakin oli mukanani t\u00e4ll\u00e4 kyseisell\u00e4 reissulla er\u00e4s kuva (ei Aniston), mutta harjoittelija sanoi asiantuntevasti heti, ettei minun tukkaani saa kuvanmukaista leikkausta. Kiitos siit\u00e4.<\/p>\n<p>Hiukset eiv\u00e4t ole vain hiukset, vaan ne ovat kruunumme ja iso osa identiteetti\u00e4mme. Tukkaan liittyy valtavasti tunteita! Se, ett\u00e4 antaa toisen, ihan vieraan ihmisen kajota hiuksiin, on jo itsess\u00e4\u00e4n riskibisnes. Hyv\u00e4ll\u00e4 kampaajalla on luonnetta ja h\u00e4nell\u00e4 on kyky kohdata erilaisia ihmisi\u00e4, ja rektioitakin.<\/p>\n<p>T\u00e4st\u00e4 eteenp\u00e4in k\u00e4yn kuitenkin vain tutuilla kampaajilla. K\u00e4rsin tappioni, ehk\u00e4 t\u00e4m\u00e4 s\u00e4vy tosiaan haalistuu, kun sit\u00e4 tarpeeksi pesee. Vaalennusaineella tehdyt palkkiraidat eiv\u00e4t kuitenkaan ohimoilta katoa, joten niiden kanssa t\u00e4ytyy oppia el\u00e4m\u00e4\u00e4n. Tai ehk\u00e4 olen vain pihalla tukkamuodista: jos harmaa tukka onkin kuuminta hottia?<\/p>\n<p>&lt;3 Anna<\/p>\n<p>Vaikka onhan se nyt vaan tukka..ja uusiutuva luonnonvara. Vai mit\u00e4 mielt\u00e4 olette? Onko linjoilla ammattilaisia? Mit\u00e4 hiuksilleni on tapahtunut?<\/p>\n<p>Tuu my\u00f6s instagramiin: @ansaivo<\/p>\n<p>Lue my\u00f6s edellinen postaukseni: <a href=\"http:\/\/blogit.terve.fi\/annasaivosalmi\/kaksi-keinoa-joiden-avulla-nukahdan-joka-ilta-nukahtamis-sana-toimii\/\">N\u00e4m\u00e4 kaksi keinoa auttavat minua nukahtamaan joka ilta.<\/a><\/p>\n<p><img decoding=\"async\" loading=\"lazy\" class=\"alignnone size-full wp-image-7251\" src=\"https:\/\/blogit-cdn.a-lehdet.fi\/uploads\/sites\/66\/2019\/10\/img_3366.jpg\" alt=\"\" width=\"1200\" height=\"1200\"><\/p>\n","protected":false},"excerpt":{"rendered":"<p>Muillekin on varmasti k\u00e4ynyt niin, ett\u00e4 kampaajan k\u00e4sittelyn j\u00e4lkeen peilist\u00e4 ei katsokaan&hellip;<\/p>\n","protected":false},"author":88,"featured_media":7251,"comment_status":"open","ping_status":"open","sticky":false,"template":"","format":"standard","meta":{"footnotes":""},"categories":[1],"tags":[595,600,601],"acf":[],"platta":{"numLikes":75,"numComments":34,"category":"kauneus","themes":["harmaat-hiukset","hiukset","hiusvarit"],"commercial_partner":null,"thumbnail":"https:\/\/blogit-cdn.a-lehdet.fi\/uploads\/sites\/66\/2019\/10\/img_3366.jpg","blog_id":66},"jetpack_featured_media_url":"https:\/\/blogit-cdn.a-lehdet.fi\/uploads\/sites\/66\/2019\/10\/img_3366.jpg","_links":{"self":[{"href":"https:\/\/blogit.terve.fi\/annasaivosalmi\/api\/wp\/v2\/posts\/7247"}],"collection":[{"href":"https:\/\/blogit.terve.fi\/annasaivosalmi\/api\/wp\/v2\/posts"}],"about":[{"href":"https:\/\/blogit.terve.fi\/annasaivosalmi\/api\/wp\/v2\/types\/post"}],"author":[{"embeddable":true,"href":"https:\/\/blogit.terve.fi\/annasaivosalmi\/api\/wp\/v2\/users\/88"}],"replies":[{"embeddable":true,"href":"https:\/\/blogit.terve.fi\/annasaivosalmi\/api\/wp\/v2\/comments?post=7247"}],"version-history":[{"count":4,"href":"https:\/\/blogit.terve.fi\/annasaivosalmi\/api\/wp\/v2\/posts\/7247\/revisions"}],"predecessor-version":[{"id":7254,"href":"https:\/\/blogit.terve.fi\/annasaivosalmi\/api\/wp\/v2\/posts\/7247\/revisions\/7254"}],"wp:featuredmedia":[{"embeddable":true,"href":"https:\/\/blogit.terve.fi\/annasaivosalmi\/api\/wp\/v2\/media\/7251"}],"wp:attachment":[{"href":"https:\/\/blogit.terve.fi\/annasaivosalmi\/api\/wp\/v2\/media?parent=7247"}],"wp:term":[{"taxonomy":"category","embeddable":true,"href":"https:\/\/blogit.terve.fi\/annasaivosalmi\/api\/wp\/v2\/categories?post=7247"},{"taxonomy":"post_tag","embeddable":true,"href":"https:\/\/blogit.terve.fi\/annasaivosalmi\/api\/wp\/v2\/tags?post=7247"}],"curies":[{"name":"wp","href":"https:\/\/api.w.org\/{rel}","templated":true}]}}