{"id":5175,"date":"2018-10-29T21:02:37","date_gmt":"2018-10-29T19:02:37","guid":{"rendered":"http:\/\/blogit.terve.fi\/annasaivosalmi\/?p=5175"},"modified":"2018-10-29T21:02:37","modified_gmt":"2018-10-29T19:02:37","slug":"treenien-muuttuminen-talven-tullen","status":"publish","type":"post","link":"https:\/\/blogit.terve.fi\/annasaivosalmi\/treenien-muuttuminen-talven-tullen\/","title":{"rendered":"Treenien muuttuminen talven tullen"},"content":{"rendered":"<p>Ilmojen kylmetty\u00e4 ja iltojen pimennytty\u00e4 huomaan hakeutuvani taas sis\u00e4tiloihin treenaamaan. Ei sill\u00e4, ulkotreenini py\u00f6riv\u00e4t edelleen ja itseasiassa aiomme jatkaa yhdell\u00e4 ryhm\u00e4ll\u00e4 l\u00e4pi talven ulkona. \u00a0Ainoa vaatimus osallistujille on nastalenkkarit.<\/p>\n<p>Osa ryhmist\u00e4 sensijaan siirtyy sis\u00e4tiloihin. Tykk\u00e4\u00e4n t\u00e4st\u00e4 muutoksesta. Vaikka joudumme luopumaan ulkoilmasta saamme tilalle rautaa, jota ulkotreeneist\u00e4 uupuu. Treenaamme nimitt\u00e4in p\u00e4\u00e4asiassa kehonpainolla ulkona.<\/p>\n<p><img decoding=\"async\" loading=\"lazy\" class=\"aligncenter wp-image-5179 \" src=\"https:\/\/blogit-cdn.a-lehdet.fi\/uploads\/sites\/66\/2018\/10\/img_2432.jpg\" alt=\"\" width=\"836\" height=\"1055\" srcset=\"https:\/\/blogit-cdn.a-lehdet.fi\/uploads\/sites\/66\/2018\/10\/img_2432.jpg 1125w, https:\/\/blogit-cdn.a-lehdet.fi\/uploads\/sites\/66\/2018\/10\/img_2432-238x300.jpg 238w, https:\/\/blogit-cdn.a-lehdet.fi\/uploads\/sites\/66\/2018\/10\/img_2432-768x969.jpg 768w, https:\/\/blogit-cdn.a-lehdet.fi\/uploads\/sites\/66\/2018\/10\/img_2432-811x1024.jpg 811w\" sizes=\"(max-width: 836px) 100vw, 836px\" \/><\/p>\n<p><img decoding=\"async\" loading=\"lazy\" class=\"aligncenter wp-image-5178 \" src=\"https:\/\/blogit-cdn.a-lehdet.fi\/uploads\/sites\/66\/2018\/10\/img_2433.jpg\" alt=\"\" width=\"832\" height=\"1004\" srcset=\"https:\/\/blogit-cdn.a-lehdet.fi\/uploads\/sites\/66\/2018\/10\/img_2433.jpg 1125w, https:\/\/blogit-cdn.a-lehdet.fi\/uploads\/sites\/66\/2018\/10\/img_2433-249x300.jpg 249w, https:\/\/blogit-cdn.a-lehdet.fi\/uploads\/sites\/66\/2018\/10\/img_2433-768x927.jpg 768w, https:\/\/blogit-cdn.a-lehdet.fi\/uploads\/sites\/66\/2018\/10\/img_2433-848x1024.jpg 848w\" sizes=\"(max-width: 832px) 100vw, 832px\" \/><\/p>\n<figure id=\"attachment_5176\" aria-describedby=\"caption-attachment-5176\" style=\"width: 844px\" class=\"wp-caption aligncenter\"><img decoding=\"async\" loading=\"lazy\" class=\"wp-image-5176 \" src=\"https:\/\/blogit-cdn.a-lehdet.fi\/uploads\/sites\/66\/2018\/10\/img_2437.jpg\" alt=\"\" width=\"844\" height=\"1048\" srcset=\"https:\/\/blogit-cdn.a-lehdet.fi\/uploads\/sites\/66\/2018\/10\/img_2437.jpg 1125w, https:\/\/blogit-cdn.a-lehdet.fi\/uploads\/sites\/66\/2018\/10\/img_2437-242x300.jpg 242w, https:\/\/blogit-cdn.a-lehdet.fi\/uploads\/sites\/66\/2018\/10\/img_2437-768x953.jpg 768w, https:\/\/blogit-cdn.a-lehdet.fi\/uploads\/sites\/66\/2018\/10\/img_2437-825x1024.jpg 825w\" sizes=\"(max-width: 844px) 100vw, 844px\" \/><figcaption id=\"caption-attachment-5176\" class=\"wp-caption-text\">Ulkoilu on ihanaa, mutta kyll\u00e4 mun omatkin treenit siirtyv\u00e4t talven tullen enemm\u00e4n sis\u00e4tiloihin.<\/figcaption><\/figure>\n<h2>Omat treenit salille<\/h2>\n<p>Huomaan my\u00f6s, ett\u00e4 oma treenini siirtyy enemm\u00e4n ja enemm\u00e4n sis\u00e4tiloihin. Kotitreenit tekee mieli tehd\u00e4 omassa olohuoneessa takapihan sijaan, ja lasten treenien aikoihin, hakeudun itse l\u00e4heiselle kuntosalille. On k\u00e4tev\u00e4\u00e4, kun lasten harkka-ajan voi k\u00e4ytt\u00e4\u00e4 n\u00e4in hyv\u00e4kseen.<\/p>\n<p>Olen nyt syksyn aikana saanut jo jonkinlaisen viikkorutiinin tekemisiini ja se on hyv\u00e4 se. Salille ei tule menty\u00e4 haahuilemaan, kun on ajatusta siit\u00e4, mit\u00e4 t\u00e4n\u00e4\u00e4n tapahtuu.<\/p>\n<figure id=\"attachment_5182\" aria-describedby=\"caption-attachment-5182\" style=\"width: 855px\" class=\"wp-caption aligncenter\"><img decoding=\"async\" loading=\"lazy\" class=\"wp-image-5182 \" src=\"https:\/\/blogit-cdn.a-lehdet.fi\/uploads\/sites\/66\/2018\/10\/img_2429.jpg\" alt=\"\" width=\"855\" height=\"1246\" srcset=\"https:\/\/blogit-cdn.a-lehdet.fi\/uploads\/sites\/66\/2018\/10\/img_2429.jpg 1125w, https:\/\/blogit-cdn.a-lehdet.fi\/uploads\/sites\/66\/2018\/10\/img_2429-206x300.jpg 206w, https:\/\/blogit-cdn.a-lehdet.fi\/uploads\/sites\/66\/2018\/10\/img_2429-768x1120.jpg 768w, https:\/\/blogit-cdn.a-lehdet.fi\/uploads\/sites\/66\/2018\/10\/img_2429-702x1024.jpg 702w\" sizes=\"(max-width: 855px) 100vw, 855px\" \/><figcaption id=\"caption-attachment-5182\" class=\"wp-caption-text\">T\u00e4m\u00e4np\u00e4iv\u00e4isen jalkatreenin j\u00e4lkeen. Hyv\u00e4 olo!<\/figcaption><\/figure>\n<figure id=\"attachment_5181\" aria-describedby=\"caption-attachment-5181\" style=\"width: 845px\" class=\"wp-caption aligncenter\"><img decoding=\"async\" loading=\"lazy\" class=\"wp-image-5181 \" src=\"https:\/\/blogit-cdn.a-lehdet.fi\/uploads\/sites\/66\/2018\/10\/img_2430.jpg\" alt=\"\" width=\"845\" height=\"1112\" srcset=\"https:\/\/blogit-cdn.a-lehdet.fi\/uploads\/sites\/66\/2018\/10\/img_2430.jpg 1125w, https:\/\/blogit-cdn.a-lehdet.fi\/uploads\/sites\/66\/2018\/10\/img_2430-228x300.jpg 228w, https:\/\/blogit-cdn.a-lehdet.fi\/uploads\/sites\/66\/2018\/10\/img_2430-768x1011.jpg 768w, https:\/\/blogit-cdn.a-lehdet.fi\/uploads\/sites\/66\/2018\/10\/img_2430-778x1024.jpg 778w\" sizes=\"(max-width: 845px) 100vw, 845px\" \/><figcaption id=\"caption-attachment-5181\" class=\"wp-caption-text\">Samat duunit oli viime viikollakin. S\u00e4\u00e4nn\u00f6llisyys is the Key!<\/figcaption><\/figure>\n<h2>Ma-ke-(pe)<\/h2>\n<p><strong>Maanantaisin<\/strong> treenaan salilla useimmiten alakropan. L\u00e4mmittelen kepill\u00e4, kumpparilla ja erilaisilla kehonpainoliikkeill\u00e4, jotka lis\u00e4\u00e4v\u00e4t my\u00f6s liikkuvuutta.<\/p>\n<p>P\u00e4\u00e4liikkeeksi valitsen useimmiten joko kyykyn tai maastavedon. T\u00e4n\u00e4\u00e4n tein perus-takakyykky\u00e4. T\u00e4m\u00e4n lis\u00e4ksi tein tukiliikkeit\u00e4, jotka suoritan usein liikepareina. T\u00e4n\u00e4\u00e4n n\u00e4it\u00e4 liikkeit\u00e4 olivat askelkyykkynousut steppilaudalle smith -laitteessa, suorin jaloin maastaveto k\u00e4sipainoilla, sivukyykyt, pistoolikyykyt ja bulgarialaiset askelkyykyt TRX:ss\u00e4 sek\u00e4 pakarapotkulaite.<\/p>\n<p>Loppuun tein viel\u00e4 kaksi kierrosta erilaisia vatsoja.<\/p>\n<p><strong>Keskiviikko ja perjantai<\/strong> ovat my\u00f6s p\u00e4ivi\u00e4, jolloin p\u00e4\u00e4sen salille lasten treenien aikana. N\u00e4ist\u00e4 jompana kumpana p\u00e4iv\u00e4n\u00e4 pyrin tekem\u00e4\u00e4n yl\u00e4vartalopainoitteisen treenin.<\/p>\n<p>Treeni sis\u00e4lt\u00e4\u00e4 yleens\u00e4 leuanvetoja, pystypunnerruksia tangolla, soutuja tangolla, renkailla tai k\u00e4sipainoilla, dippej\u00e4, eri tyyppisi\u00e4 soutuja kuntosalilaitteissa, penkkipunnerruksia sek\u00e4 ojentaja- ja hauisliikkeit\u00e4.<\/p>\n<h2>Irvistykseen asti &#8211; loppujumppaa unohtamatta<\/h2>\n<p>Toistom\u00e4\u00e4r\u00e4t liikkuvat, sek\u00e4 alakroppa ett\u00e4 yl\u00e4kroppa -treenin osalta 8-12 toistossa. Sarjoja teen 4, joskus 3. Vastusta t\u00e4ytyy olla sen verran, ett\u00e4 viimeisiss\u00e4 toistoissa irvistytt\u00e4\u00e4 ja tuntuu!<\/p>\n<p>Jos minulle siunaantuu viel\u00e4 kolmas treenikerta viikkoon salilla, pyrin silloin treenaamaan sellaisia lihasryhmi\u00e4, jotka ovat kahdella ensimm\u00e4isell\u00e4 kerralla j\u00e4\u00e4neet uupumaan. Usein ved\u00e4n treenin loppuun ns. <strong>loppujumpan<\/strong>, joka kohottaa reippaasti sykkeit\u00e4.<\/p>\n<p>Loppujumppa voi olla hyvin simppeli, kuten TABATA, eli nelj\u00e4 minuuttia, 20 sekunnin ty\u00f6aikoja ja 10 sekunnin lepoaikoja, joissa vaihtelen esim kahden liikkeen, vaikkapa burpeen ja linkkuvitsien v\u00e4lill\u00e4.<\/p>\n<p>Toisinaan rakennan loppujumpaksi my\u00f6s toiminnallisen treenin, jonka koostan 4-6 liikkeest\u00e4. N\u00e4it\u00e4 teen aikaa vastaan circuittina tietyn m\u00e4\u00e4r\u00e4n kierroksia. Treenit ovat hyvin samankaltaisia, kuin kotitreenini, joita jaan instassakin.<\/p>\n<p>Tuntuu tosi hyv\u00e4lt\u00e4 taas muuttaa treenirutiineja, jos vertaan kes\u00e4ajan liikkumiseen, jossa mukana on usein vain pienehk\u00f6t painot. On mahtava tunne saada rauta liikkeelle oikein kunnolla. Siit\u00e4 tulee vahva olo!<\/p>\n<p>Vaihtelu tekee hyv\u00e4\u00e4 niin kropalle kuin p\u00e4\u00e4kopallekin.<\/p>\n<p><strong>Onko talvi teille muille sis\u00e4treenien aikaa vai jatkatteko ulkoliikuntaa? Onko teill\u00e4 omaa saliohjelmaa tai ajatusta mink\u00e4 mukaan salilla teette? Vai menettek\u00f6 fiiliksen mukaan?\u00a0<\/strong><\/p>\n<p>&lt;3 Anna<\/p>\n<p><img decoding=\"async\" loading=\"lazy\" class=\"aligncenter wp-image-5177 \" src=\"https:\/\/blogit-cdn.a-lehdet.fi\/uploads\/sites\/66\/2018\/10\/img_2434.jpg\" alt=\"\" width=\"815\" height=\"1143\" srcset=\"https:\/\/blogit-cdn.a-lehdet.fi\/uploads\/sites\/66\/2018\/10\/img_2434.jpg 1125w, https:\/\/blogit-cdn.a-lehdet.fi\/uploads\/sites\/66\/2018\/10\/img_2434-214x300.jpg 214w, https:\/\/blogit-cdn.a-lehdet.fi\/uploads\/sites\/66\/2018\/10\/img_2434-768x1077.jpg 768w, https:\/\/blogit-cdn.a-lehdet.fi\/uploads\/sites\/66\/2018\/10\/img_2434-730x1024.jpg 730w\" sizes=\"(max-width: 815px) 100vw, 815px\" \/><\/p>\n","protected":false},"excerpt":{"rendered":"<p>Ilmojen kylmetty\u00e4 ja iltojen pimennytty\u00e4 huomaan hakeutuvani taas sis\u00e4tiloihin treenaamaan. Ei sill\u00e4,&hellip;<\/p>\n","protected":false},"author":88,"featured_media":5181,"comment_status":"open","ping_status":"open","sticky":false,"template":"","format":"standard","meta":{"footnotes":""},"categories":[18,25,26,28,17,24],"tags":[316,318,44,317,42],"acf":[],"platta":{"numLikes":0,"numComments":3,"category":"treeni-ja-ravinto","themes":["lihakset","treeniohjelmat","kuntosali"],"commercial_partner":null,"thumbnail":"https:\/\/blogit-cdn.a-lehdet.fi\/uploads\/sites\/66\/2018\/10\/img_2430.jpg","blog_id":66},"jetpack_featured_media_url":"https:\/\/blogit-cdn.a-lehdet.fi\/uploads\/sites\/66\/2018\/10\/img_2430.jpg","_links":{"self":[{"href":"https:\/\/blogit.terve.fi\/annasaivosalmi\/api\/wp\/v2\/posts\/5175"}],"collection":[{"href":"https:\/\/blogit.terve.fi\/annasaivosalmi\/api\/wp\/v2\/posts"}],"about":[{"href":"https:\/\/blogit.terve.fi\/annasaivosalmi\/api\/wp\/v2\/types\/post"}],"author":[{"embeddable":true,"href":"https:\/\/blogit.terve.fi\/annasaivosalmi\/api\/wp\/v2\/users\/88"}],"replies":[{"embeddable":true,"href":"https:\/\/blogit.terve.fi\/annasaivosalmi\/api\/wp\/v2\/comments?post=5175"}],"version-history":[{"count":1,"href":"https:\/\/blogit.terve.fi\/annasaivosalmi\/api\/wp\/v2\/posts\/5175\/revisions"}],"predecessor-version":[{"id":5183,"href":"https:\/\/blogit.terve.fi\/annasaivosalmi\/api\/wp\/v2\/posts\/5175\/revisions\/5183"}],"wp:featuredmedia":[{"embeddable":true,"href":"https:\/\/blogit.terve.fi\/annasaivosalmi\/api\/wp\/v2\/media\/5181"}],"wp:attachment":[{"href":"https:\/\/blogit.terve.fi\/annasaivosalmi\/api\/wp\/v2\/media?parent=5175"}],"wp:term":[{"taxonomy":"category","embeddable":true,"href":"https:\/\/blogit.terve.fi\/annasaivosalmi\/api\/wp\/v2\/categories?post=5175"},{"taxonomy":"post_tag","embeddable":true,"href":"https:\/\/blogit.terve.fi\/annasaivosalmi\/api\/wp\/v2\/tags?post=5175"}],"curies":[{"name":"wp","href":"https:\/\/api.w.org\/{rel}","templated":true}]}}